{"id":1698984,"date":"2023-05-08T06:00:00","date_gmt":"2023-05-08T06:00:00","guid":{"rendered":"https:\/\/www.myzen.tv\/?p=1698984"},"modified":"2023-05-04T16:06:35","modified_gmt":"2023-05-04T16:06:35","slug":"le-patrimoine-naturel-et-sa-protection-dans-vu-du-ciel","status":"publish","type":"post","link":"https:\/\/www.myzen.tv\/fr\/le-patrimoine-naturel-et-sa-protection-dans-vu-du-ciel\/","title":{"rendered":"Le patrimoine naturel et sa protection dans Vu du ciel"},"content":{"rendered":"\n<p>Face au succ\u00e8s de ses quatre premiers \u00e9pisodes, Yann Arthus-Betrand nous propose une nouvelle fois de parcourir la terre et ses richesses. Dans cette saison deux de <a href=\"https:\/\/watch.myzen.tv\/smartlists\/vu-du-ciel\">Vu du ciel<\/a> disponible sur MyZen TV, d\u00e9couvrez les beaut\u00e9s du patrimoine naturel et l&rsquo;importance de sa pr\u00e9servation.<\/p>\n\n\n\n<h2 class=\"wp-block-heading\">L&rsquo;alimentation<\/h2>\n\n\n\n<p>Au milieu de la d\u00e9cennie 2000, nous \u00e9tions plus de 6 milliards sur la terre. Aujourd&rsquo;hui, la population mondiale atteint les 8 milliards d&rsquo;humains. Un chiffre en constante augmentation qui fait peser un lourd poids sur les \u00e9paules de notre plan\u00e8te. Ainsi, le c\u00e9l\u00e8bre photographe nous propose de r\u00e9fl\u00e9chir sur nos habitudes alimentaires tout en montrant du doigt les m\u00e9thodes controvers\u00e9es de l&rsquo;alimentation moderne.<\/p>\n\n\n\n<h2 class=\"wp-block-heading\">L&rsquo;homme et l&rsquo;animal <\/h2>\n\n\n\n<p>La pression humaine p\u00e8se \u00e9galement sur les autres esp\u00e8ces de notre plan\u00e8te. En effet, nul n&rsquo;est aveugle face \u00e0 la pression constante de l&rsquo;homme sur l&rsquo;habitat des animaux. Amazonie, Indon\u00e9sie, jungle africaine eaux internationales de nombreux espaces naturels sont menac\u00e9s par nos activit\u00e9s. Peut-on encore cohabiter avec les animaux ? La r\u00e9ponse se trouve certainement en Afrique du Sud pays exemplaire en mati\u00e8re de protection.<\/p>\n\n\n\n<h2 class=\"wp-block-heading\">Les fleuves : art\u00e8res de notre plan\u00e8te<\/h2>\n\n\n\n<p>Les fleuves sont des organes vitaux \u00e0 la biodiversit\u00e9 de notre plan\u00e8te. Cependant, les activit\u00e9s industrielles et les barrages menacent leur \u00e9quilibre. Bien qu&rsquo;ils repr\u00e9sentent un \u00e9l\u00e9ment essentiel pour hommes, ils sont \u00e9galement au c\u0153ur de l&rsquo;irrigation de nos for\u00eats et regorgent d&rsquo;animaux aquatiques. Dans cet \u00e9pisode Yann Arthus-Bertrand nous propose \u00e9galement de d\u00e9couvrir l&rsquo;importance de l&rsquo;eau et son difficile partage dans les territoires o\u00f9 elle manque.<\/p>\n\n\n\n<h2 class=\"wp-block-heading\">La for\u00eat : poumon de la terre<\/h2>\n\n\n\n<p>Nous le savons tous, la for\u00eat regorge de vie. Elles abritent certains des plus grands mammif\u00e8res terrestres de la terre \u00e0 commencer par les grands f\u00e9lins. Mais la for\u00eat est \u00e9galement une ressource indispensable \u00e0 l&rsquo;homme. Du chauffage \u00e0 la construction en passant par la production d&rsquo;oxyg\u00e8ne, les for\u00eats sont indispensable \u00e0 la vie terrestre.<\/p>\n\n\n\n<p>Vu du ciel est une merveilleuse s\u00e9rie \u00e0 voir sans mod\u00e9ration sur notre <strong><a href=\"https:\/\/watch.myzen.tv\/\" target=\"_blank\" rel=\"noreferrer noopener\">plateforme de streaming<\/a><\/strong> et en direct sur MyZen TV.<\/p>\n","protected":false},"excerpt":{"rendered":"<p>Face au succ\u00e8s de ses quatre premiers \u00e9pisodes, Yann Arthus-Betrand nous propose une nouvelle fois de parcourir la terre et ses richesses. Dans cette saison deux de Vu du ciel disponible sur MyZen TV, d\u00e9couvrez les beaut\u00e9s du patrimoine naturel et l&rsquo;importance de sa pr\u00e9servation. L&rsquo;alimentation Au milieu de la d\u00e9cennie 2000, nous \u00e9tions plus [&hellip;]<\/p>\n","protected":false},"author":13,"featured_media":1698985,"comment_status":"closed","ping_status":"closed","sticky":false,"template":"","format":"standard","meta":{"episode_type":"","audio_file":"","cover_image":"","cover_image_id":"","duration":"","filesize":"","date_recorded":"","explicit":"","block":"","itunes_episode_number":"","itunes_title":"","itunes_season_number":"","itunes_episode_type":"","filesize_raw":"","footnotes":""},"categories":[16],"tags":[],"group":[],"support":[],"class_list":["post-1698984","post","type-post","status-publish","format-standard","has-post-thumbnail","hentry","category-a-la-une"],"yoast_head":"<!-- This site is optimized with the Yoast SEO plugin v24.0 - https:\/\/yoast.com\/wordpress\/plugins\/seo\/ -->\n<title>Le patrimoine naturel et sa protection dans Vu du ciel - MyZen TV<\/title>\n<meta name=\"description\" content=\"Dans cette saison 2 de Vu du ciel disponible sur MyZen TV, d\u00e9couvrez les beaut\u00e9s du patrimoine naturelle et l&#039;importance de sa pr\u00e9servation.\" \/>\n<meta name=\"robots\" content=\"index, follow, max-snippet:-1, max-image-preview:large, max-video-preview:-1\" \/>\n<link rel=\"canonical\" href=\"https:\/\/www.myzen.tv\/fr\/le-patrimoine-naturel-et-sa-protection-dans-vu-du-ciel\/\" \/>\n<meta property=\"og:locale\" content=\"fr_FR\" \/>\n<meta property=\"og:type\" content=\"article\" \/>\n<meta property=\"og:title\" content=\"Le patrimoine naturel et sa protection dans Vu du ciel - MyZen TV\" \/>\n<meta property=\"og:description\" content=\"Dans cette saison 2 de Vu du ciel disponible sur MyZen TV, d\u00e9couvrez les beaut\u00e9s du patrimoine naturelle et l&#039;importance de sa pr\u00e9servation.\" \/>\n<meta property=\"og:url\" content=\"https:\/\/www.myzen.tv\/fr\/le-patrimoine-naturel-et-sa-protection-dans-vu-du-ciel\/\" \/>\n<meta property=\"og:site_name\" content=\"MyZen TV\" \/>\n<meta property=\"article:publisher\" content=\"https:\/\/www.facebook.com\/myzen.tv.fr\/\" \/>\n<meta property=\"article:published_time\" content=\"2023-05-08T06:00:00+00:00\" \/>\n<meta property=\"article:modified_time\" content=\"2023-05-04T16:06:35+00:00\" \/>\n<meta property=\"og:image\" content=\"https:\/\/www.myzen.tv\/wp-content\/uploads\/2023\/04\/Le-patrimoine-naturel-et-sa-protection-dans-Vu-du-ciel-1-1024x576.png\" \/>\n\t<meta property=\"og:image:width\" content=\"1024\" \/>\n\t<meta property=\"og:image:height\" content=\"576\" \/>\n\t<meta property=\"og:image:type\" content=\"image\/png\" \/>\n<meta name=\"author\" content=\"Gilles Farina\" \/>\n<meta name=\"twitter:card\" content=\"summary_large_image\" \/>\n<meta name=\"twitter:label1\" content=\"\u00c9crit par\" \/>\n\t<meta name=\"twitter:data1\" content=\"Gilles Farina\" \/>\n\t<meta name=\"twitter:label2\" content=\"Dur\u00e9e de lecture estim\u00e9e\" \/>\n\t<meta name=\"twitter:data2\" content=\"2 minutes\" \/>\n<!-- \/ Yoast SEO plugin. -->","yoast_head_json":{"title":"Le patrimoine naturel et sa protection dans Vu du ciel - MyZen TV","description":"Dans cette saison 2 de Vu du ciel disponible sur MyZen TV, d\u00e9couvrez les beaut\u00e9s du patrimoine naturelle et l'importance de sa pr\u00e9servation.","robots":{"index":"index","follow":"follow","max-snippet":"max-snippet:-1","max-image-preview":"max-image-preview:large","max-video-preview":"max-video-preview:-1"},"canonical":"https:\/\/www.myzen.tv\/fr\/le-patrimoine-naturel-et-sa-protection-dans-vu-du-ciel\/","og_locale":"fr_FR","og_type":"article","og_title":"Le patrimoine naturel et sa protection dans Vu du ciel - MyZen TV","og_description":"Dans cette saison 2 de Vu du ciel disponible sur MyZen TV, d\u00e9couvrez les beaut\u00e9s du patrimoine naturelle et l'importance de sa pr\u00e9servation.","og_url":"https:\/\/www.myzen.tv\/fr\/le-patrimoine-naturel-et-sa-protection-dans-vu-du-ciel\/","og_site_name":"MyZen TV","article_publisher":"https:\/\/www.facebook.com\/myzen.tv.fr\/","article_published_time":"2023-05-08T06:00:00+00:00","article_modified_time":"2023-05-04T16:06:35+00:00","og_image":[{"width":1024,"height":576,"url":"https:\/\/www.myzen.tv\/wp-content\/uploads\/2023\/04\/Le-patrimoine-naturel-et-sa-protection-dans-Vu-du-ciel-1-1024x576.png","type":"image\/png"}],"author":"Gilles Farina","twitter_card":"summary_large_image","twitter_misc":{"\u00c9crit par":"Gilles Farina","Dur\u00e9e de lecture estim\u00e9e":"2 minutes"},"schema":{"@context":"https:\/\/schema.org","@graph":[{"@type":"Article","@id":"https:\/\/www.myzen.tv\/fr\/le-patrimoine-naturel-et-sa-protection-dans-vu-du-ciel\/#article","isPartOf":{"@id":"https:\/\/www.myzen.tv\/fr\/le-patrimoine-naturel-et-sa-protection-dans-vu-du-ciel\/"},"author":{"name":"Gilles Farina","@id":"https:\/\/www.myzen.tv\/fr\/#\/schema\/person\/978a9e7addfdccd3326847815bc2aca6"},"headline":"Le patrimoine naturel et sa protection dans Vu du ciel","datePublished":"2023-05-08T06:00:00+00:00","dateModified":"2023-05-04T16:06:35+00:00","mainEntityOfPage":{"@id":"https:\/\/www.myzen.tv\/fr\/le-patrimoine-naturel-et-sa-protection-dans-vu-du-ciel\/"},"wordCount":371,"publisher":{"@id":"https:\/\/www.myzen.tv\/fr\/#organization"},"image":{"@id":"https:\/\/www.myzen.tv\/fr\/le-patrimoine-naturel-et-sa-protection-dans-vu-du-ciel\/#primaryimage"},"thumbnailUrl":"https:\/\/www.myzen.tv\/wp-content\/uploads\/2023\/04\/Le-patrimoine-naturel-et-sa-protection-dans-Vu-du-ciel-1.png","articleSection":["A la une"],"inLanguage":"fr-FR"},{"@type":"WebPage","@id":"https:\/\/www.myzen.tv\/fr\/le-patrimoine-naturel-et-sa-protection-dans-vu-du-ciel\/","url":"https:\/\/www.myzen.tv\/fr\/le-patrimoine-naturel-et-sa-protection-dans-vu-du-ciel\/","name":"Le patrimoine naturel et sa protection dans Vu du ciel - MyZen TV","isPartOf":{"@id":"https:\/\/www.myzen.tv\/fr\/#website"},"primaryImageOfPage":{"@id":"https:\/\/www.myzen.tv\/fr\/le-patrimoine-naturel-et-sa-protection-dans-vu-du-ciel\/#primaryimage"},"image":{"@id":"https:\/\/www.myzen.tv\/fr\/le-patrimoine-naturel-et-sa-protection-dans-vu-du-ciel\/#primaryimage"},"thumbnailUrl":"https:\/\/www.myzen.tv\/wp-content\/uploads\/2023\/04\/Le-patrimoine-naturel-et-sa-protection-dans-Vu-du-ciel-1.png","datePublished":"2023-05-08T06:00:00+00:00","dateModified":"2023-05-04T16:06:35+00:00","description":"Dans cette saison 2 de Vu du ciel disponible sur MyZen TV, d\u00e9couvrez les beaut\u00e9s du patrimoine naturelle et l'importance de sa pr\u00e9servation.","breadcrumb":{"@id":"https:\/\/www.myzen.tv\/fr\/le-patrimoine-naturel-et-sa-protection-dans-vu-du-ciel\/#breadcrumb"},"inLanguage":"fr-FR","potentialAction":[{"@type":"ReadAction","target":["https:\/\/www.myzen.tv\/fr\/le-patrimoine-naturel-et-sa-protection-dans-vu-du-ciel\/"]}]},{"@type":"ImageObject","inLanguage":"fr-FR","@id":"https:\/\/www.myzen.tv\/fr\/le-patrimoine-naturel-et-sa-protection-dans-vu-du-ciel\/#primaryimage","url":"https:\/\/www.myzen.tv\/wp-content\/uploads\/2023\/04\/Le-patrimoine-naturel-et-sa-protection-dans-Vu-du-ciel-1.png","contentUrl":"https:\/\/www.myzen.tv\/wp-content\/uploads\/2023\/04\/Le-patrimoine-naturel-et-sa-protection-dans-Vu-du-ciel-1.png","width":1920,"height":1080,"caption":"Le patrimoine naturel et sa protection dans Vu du ciel"},{"@type":"BreadcrumbList","@id":"https:\/\/www.myzen.tv\/fr\/le-patrimoine-naturel-et-sa-protection-dans-vu-du-ciel\/#breadcrumb","itemListElement":[{"@type":"ListItem","position":1,"name":"Home","item":"https:\/\/www.myzen.tv\/fr\/"},{"@type":"ListItem","position":2,"name":"Le patrimoine naturel et sa protection dans Vu du ciel"}]},{"@type":"WebSite","@id":"https:\/\/www.myzen.tv\/fr\/#website","url":"https:\/\/www.myzen.tv\/fr\/","name":"MyZen TV","description":"Your lifestyle and well-being channel","publisher":{"@id":"https:\/\/www.myzen.tv\/fr\/#organization"},"potentialAction":[{"@type":"SearchAction","target":{"@type":"EntryPoint","urlTemplate":"https:\/\/www.myzen.tv\/fr\/?s={search_term_string}"},"query-input":{"@type":"PropertyValueSpecification","valueRequired":true,"valueName":"search_term_string"}}],"inLanguage":"fr-FR"},{"@type":"Organization","@id":"https:\/\/www.myzen.tv\/fr\/#organization","name":"MyZen TV","url":"https:\/\/www.myzen.tv\/fr\/","logo":{"@type":"ImageObject","inLanguage":"fr-FR","@id":"https:\/\/www.myzen.tv\/fr\/#\/schema\/logo\/image\/","url":"https:\/\/www.myzen.tv\/wp-content\/uploads\/2021\/05\/cropped-ICON_MZtv-LOGO_firetv640-1-1.png","contentUrl":"https:\/\/www.myzen.tv\/wp-content\/uploads\/2021\/05\/cropped-ICON_MZtv-LOGO_firetv640-1-1.png","width":512,"height":512,"caption":"MyZen TV"},"image":{"@id":"https:\/\/www.myzen.tv\/fr\/#\/schema\/logo\/image\/"},"sameAs":["https:\/\/www.facebook.com\/myzen.tv.fr\/","https:\/\/www.instagram.com\/myzentv\/"]},{"@type":"Person","@id":"https:\/\/www.myzen.tv\/fr\/#\/schema\/person\/978a9e7addfdccd3326847815bc2aca6","name":"Gilles Farina","url":"https:\/\/www.myzen.tv\/fr\/author\/giles-farina\/"}]}},"_links":{"self":[{"href":"https:\/\/www.myzen.tv\/fr\/wp-json\/wp\/v2\/posts\/1698984","targetHints":{"allow":["GET"]}}],"collection":[{"href":"https:\/\/www.myzen.tv\/fr\/wp-json\/wp\/v2\/posts"}],"about":[{"href":"https:\/\/www.myzen.tv\/fr\/wp-json\/wp\/v2\/types\/post"}],"author":[{"embeddable":true,"href":"https:\/\/www.myzen.tv\/fr\/wp-json\/wp\/v2\/users\/13"}],"replies":[{"embeddable":true,"href":"https:\/\/www.myzen.tv\/fr\/wp-json\/wp\/v2\/comments?post=1698984"}],"version-history":[{"count":2,"href":"https:\/\/www.myzen.tv\/fr\/wp-json\/wp\/v2\/posts\/1698984\/revisions"}],"predecessor-version":[{"id":1699230,"href":"https:\/\/www.myzen.tv\/fr\/wp-json\/wp\/v2\/posts\/1698984\/revisions\/1699230"}],"wp:featuredmedia":[{"embeddable":true,"href":"https:\/\/www.myzen.tv\/fr\/wp-json\/wp\/v2\/media\/1698985"}],"wp:attachment":[{"href":"https:\/\/www.myzen.tv\/fr\/wp-json\/wp\/v2\/media?parent=1698984"}],"wp:term":[{"taxonomy":"category","embeddable":true,"href":"https:\/\/www.myzen.tv\/fr\/wp-json\/wp\/v2\/categories?post=1698984"},{"taxonomy":"post_tag","embeddable":true,"href":"https:\/\/www.myzen.tv\/fr\/wp-json\/wp\/v2\/tags?post=1698984"},{"taxonomy":"group","embeddable":true,"href":"https:\/\/www.myzen.tv\/fr\/wp-json\/wp\/v2\/group?post=1698984"},{"taxonomy":"support","embeddable":true,"href":"https:\/\/www.myzen.tv\/fr\/wp-json\/wp\/v2\/support?post=1698984"}],"curies":[{"name":"wp","href":"https:\/\/api.w.org\/{rel}","templated":true}]}}