{"id":1699156,"date":"2023-05-22T06:00:00","date_gmt":"2023-05-22T06:00:00","guid":{"rendered":"https:\/\/www.myzen.tv\/?p=1699156"},"modified":"2023-05-12T15:12:39","modified_gmt":"2023-05-12T15:12:39","slug":"quest-ce-que-la-journee-mondiale-de-la-biodiversite","status":"publish","type":"post","link":"https:\/\/www.myzen.tv\/fr\/quest-ce-que-la-journee-mondiale-de-la-biodiversite\/","title":{"rendered":"Qu&rsquo;est-ce que la journ\u00e9e mondiale de la biodiversit\u00e9 ?"},"content":{"rendered":"\n<p>Notre plan\u00e8te est un havre de vie. L&rsquo;ensemble de ses biotopes sont connect\u00e9s et reposent sur un \u00e9quilibre fragile entre les esp\u00e8ces. La faune et la flore repr\u00e9sentent l&rsquo;ensemble du vivant visible par les hommes. Une richesse \u00e9cologique qu&rsquo;il faut ch\u00e9rir et prot\u00e9ger. Depuis l&rsquo;an 2000, l&rsquo;ONU a fix\u00e9 le 22 mai comme<strong> la journ\u00e9e mondiale de la biodiversit\u00e9<\/strong>. MyZen TV vous explique l&rsquo;importance cet \u00e9v\u00e8nement. <\/p>\n\n\n\n<h2 class=\"wp-block-heading\">La terre notre maison<\/h2>\n\n\n\n<figure class=\"wp-block-image size-large\"><img loading=\"lazy\" decoding=\"async\" width=\"1024\" height=\"576\" src=\"https:\/\/www.myzen.tv\/wp-content\/uploads\/2023\/05\/Quest-ce-que-la-journe\u0301e-mondiale-de-la-biodiversite\u0301-_-1-2-1-1024x576.png\" alt=\"\" class=\"wp-image-1699164\" srcset=\"https:\/\/www.myzen.tv\/wp-content\/uploads\/2023\/05\/Quest-ce-que-la-journe\u0301e-mondiale-de-la-biodiversite\u0301-_-1-2-1-1024x576.png 1024w, https:\/\/www.myzen.tv\/wp-content\/uploads\/2023\/05\/Quest-ce-que-la-journe\u0301e-mondiale-de-la-biodiversite\u0301-_-1-2-1-300x169.png 300w, https:\/\/www.myzen.tv\/wp-content\/uploads\/2023\/05\/Quest-ce-que-la-journe\u0301e-mondiale-de-la-biodiversite\u0301-_-1-2-1-768x432.png 768w, https:\/\/www.myzen.tv\/wp-content\/uploads\/2023\/05\/Quest-ce-que-la-journe\u0301e-mondiale-de-la-biodiversite\u0301-_-1-2-1-1536x864.png 1536w, https:\/\/www.myzen.tv\/wp-content\/uploads\/2023\/05\/Quest-ce-que-la-journe\u0301e-mondiale-de-la-biodiversite\u0301-_-1-2-1-320x180.png 320w, https:\/\/www.myzen.tv\/wp-content\/uploads\/2023\/05\/Quest-ce-que-la-journe\u0301e-mondiale-de-la-biodiversite\u0301-_-1-2-1-235x132.png 235w, https:\/\/www.myzen.tv\/wp-content\/uploads\/2023\/05\/Quest-ce-que-la-journe\u0301e-mondiale-de-la-biodiversite\u0301-_-1-2-1-540x304.png 540w, https:\/\/www.myzen.tv\/wp-content\/uploads\/2023\/05\/Quest-ce-que-la-journe\u0301e-mondiale-de-la-biodiversite\u0301-_-1-2-1.png 1920w\" sizes=\"auto, (max-width: 1024px) 100vw, 1024px\" \/><figcaption>La terre, seul lieu connu \u00e0 abriter la vie<\/figcaption><\/figure>\n\n\n\n<p><strong>La biodiversit\u00e9 <\/strong>se d\u00e9finit comme l&rsquo;ensemble des \u00eatres vivants ainsi que les \u00e9cosyst\u00e8mes dans lesquels ils vivent. Cette notion d&rsquo;\u00e9cologie int\u00e8gre une part importante \u00e0 la multitude et \u00e0 la vari\u00e9t\u00e9 des \u00eatres vivants. En effet, on peut d\u00e9finir une diversit\u00e9 biologique par les esp\u00e8ces, mais \u00e9galement par leur patrimoine g\u00e9n\u00e9tique. Autrement dit, c&rsquo;est la diversit\u00e9 de vie qui fait la richesse de notre terre.<\/p>\n\n\n\n<p>Ainsi, l&rsquo;humanit\u00e9 d\u00e9pend de la nature pour se nourrir et pour vivre. Cependant, notre esp\u00e8ce menace irr\u00e9m\u00e9diablement ce fragile \u00e9quilibre. Les activit\u00e9s humaines d\u00e9truisent chaque jour un peu plus de cette biodiversit\u00e9.<\/p>\n\n\n\n<p>Il est donc important de prendre conscience de la richesse de vie incroyable qu&rsquo;abrite notre terre. Notre maison et notre garde-manger. La journ\u00e9e mondiale de la biodiversit\u00e9 permet ainsi de prendre pleinement conscience de la n\u00e9cessit\u00e9 de la prot\u00e9ger et la ch\u00e9rir. <\/p>\n\n\n\n<p>N&rsquo;oublions pas ce que disait Carl Sagan, c\u00e9l\u00e8bre astrophysicien : <em> \u00bb Regardez encore ce point. C&rsquo;est ici. C&rsquo;est notre foyer. C&rsquo;est nous [&#8230;] La Terre est jusqu&rsquo;\u00e0 pr\u00e9sent le seul monde connu \u00e0 abriter la vie. Il n&rsquo;y a nulle part ailleurs, au moins dans un futur proche, vers o\u00f9 notre esp\u00e8ce pourrait migrer [&#8230;] Pour moi, cela souligne notre responsabilit\u00e9 de cohabiter plus fraternellement les uns avec les autres, et de pr\u00e9server et ch\u00e9rir le point bleu p\u00e2le, la seule maison que nous ayons jamais connue. \u00ab <\/em><\/p>\n\n\n\n<h2 class=\"wp-block-heading\">MyZen TV met \u00e0 l&rsquo;honneur la biodiversit\u00e9<\/h2>\n\n\n\n<figure class=\"wp-block-image size-large is-resized\"><img loading=\"lazy\" decoding=\"async\" src=\"https:\/\/www.myzen.tv\/wp-content\/uploads\/2023\/05\/Quest-ce-que-la-journe\u0301e-mondiale-de-la-biodiversite\u0301-_-1-1-1024x576.png\" alt=\"\" class=\"wp-image-1699159\" width=\"861\" height=\"484\" srcset=\"https:\/\/www.myzen.tv\/wp-content\/uploads\/2023\/05\/Quest-ce-que-la-journe\u0301e-mondiale-de-la-biodiversite\u0301-_-1-1-1024x576.png 1024w, https:\/\/www.myzen.tv\/wp-content\/uploads\/2023\/05\/Quest-ce-que-la-journe\u0301e-mondiale-de-la-biodiversite\u0301-_-1-1-300x169.png 300w, https:\/\/www.myzen.tv\/wp-content\/uploads\/2023\/05\/Quest-ce-que-la-journe\u0301e-mondiale-de-la-biodiversite\u0301-_-1-1-768x432.png 768w, https:\/\/www.myzen.tv\/wp-content\/uploads\/2023\/05\/Quest-ce-que-la-journe\u0301e-mondiale-de-la-biodiversite\u0301-_-1-1-1536x864.png 1536w, https:\/\/www.myzen.tv\/wp-content\/uploads\/2023\/05\/Quest-ce-que-la-journe\u0301e-mondiale-de-la-biodiversite\u0301-_-1-1-320x180.png 320w, https:\/\/www.myzen.tv\/wp-content\/uploads\/2023\/05\/Quest-ce-que-la-journe\u0301e-mondiale-de-la-biodiversite\u0301-_-1-1-235x132.png 235w, https:\/\/www.myzen.tv\/wp-content\/uploads\/2023\/05\/Quest-ce-que-la-journe\u0301e-mondiale-de-la-biodiversite\u0301-_-1-1-540x304.png 540w, https:\/\/www.myzen.tv\/wp-content\/uploads\/2023\/05\/Quest-ce-que-la-journe\u0301e-mondiale-de-la-biodiversite\u0301-_-1-1.png 1920w\" sizes=\"auto, (max-width: 861px) 100vw, 861px\" \/><figcaption>Illustration de la biodiversit\u00e9<\/figcaption><\/figure>\n\n\n\n<p>Parce que <strong>la protection de l\u2019environnement et de sa biodiversit\u00e9 <\/strong>est essentielle \u00e0 l\u2019\u00e9quilibre du monde de demain, MyZen TV modifie son antenne pour vous proposer <strong>une programmation sp\u00e9ciale<\/strong> \u00e0 l\u2019occasion de<strong> la Journ\u00e9e mondiale de la Biodiversit\u00e9<\/strong>. L\u2019occasion de d\u00e9couvrir la diversit\u00e9 du monde animal et v\u00e9g\u00e9tal \u00e0 travers nos multiples \u00e9missions \u00e9voquant son importance mais aussi de se questionner sur l\u2019humanit\u00e9 tout enti\u00e8re !<\/p>\n\n\n\n<p>Au programme : <\/p>\n\n\n\n<ul class=\"wp-block-list\"><li><strong><a href=\"https:\/\/www.myzen.tv\/fr\/vu-du-ciel-la-serie-evenement-toujours-dactualite\/\">Vu du ciel &#8211; Quelle place l\u2019homme laisse-t-il \u00e0 l\u2019animal sauvage ?<\/a><\/strong> Pour r\u00e9pondre \u00e0 cette question, l\u2019\u00e9quipe de Yann Arthus-Bertrand est partie en Afrique du Sud, pays exemplaire en mati\u00e8re de protection de la biodiversit\u00e9.&nbsp;&nbsp;<\/li><\/ul>\n\n\n\n<ul class=\"wp-block-list\"><li><strong>Explore TV &#8211; Mozambique : <\/strong>Trevor et Nigel explorent un des secrets les mieux gard\u00e9s de l\u2019Afrique, le Mozambique. Entre \u00e9co-glamping et safaris \u00e0 travers l\u2019une des incroyables r\u00e9serves naturelles du pays, c\u2019est un territoire riche en aventures inattendues.&nbsp;<\/li><li><strong>Places we go : <\/strong>Jen, Clint et Charli plonge \u00e0 la d\u00e9couverte de La Grande Barri\u00e8re de Corail et profitent du parc national de Kroombit Tops.&nbsp;&nbsp;<\/li><li><strong>My Zen Trendy &#8211; Le sanctuaire des tortues :<\/strong> Dans cet \u00e9pisode, Val ira d\u2019abord \u00e0 l\u2019exploitation viticole \u00ab Ojai Vineyard \u00bb de Fabien, puis elle visitera \u00ab The Turtle Conservatory Center \u00bb, une r\u00e9serve d\u2019esp\u00e8ces rares de tortues.&nbsp;<\/li><li><strong>Toits de Paris, des jardins extraordinaires :<\/strong> Ce film propose un voyage exceptionnel pour d\u00e9couvrir un Paris o\u00f9 r\u00e8gne m\u00e8re nature, un p\u00e9riple sur les toits de la ville qui abritent d\u2019\u00e9tonnants jardins suspendus.&nbsp;<\/li><\/ul>\n\n\n\n<p>Joyeuse<strong> journ\u00e9e mondiale de la biodiversit\u00e9 <\/strong>sur MyZen TV !<\/p>\n\n\n\n<p>Tout nos programmes sont disponibles en replay sur notre <a href=\"https:\/\/watch.myzen.tv\/\" target=\"_blank\" rel=\"noreferrer noopener\">plateforme de streaming<\/a> !<\/p>\n","protected":false},"excerpt":{"rendered":"<p>Notre plan\u00e8te est un havre de vie. L&rsquo;ensemble de ses biotopes sont connect\u00e9s et reposent sur un \u00e9quilibre fragile entre les esp\u00e8ces. La faune et la flore repr\u00e9sentent l&rsquo;ensemble du vivant visible par les hommes. Une richesse \u00e9cologique qu&rsquo;il faut ch\u00e9rir et prot\u00e9ger. Depuis l&rsquo;an 2000, l&rsquo;ONU a fix\u00e9 le 22 mai comme la journ\u00e9e [&hellip;]<\/p>\n","protected":false},"author":13,"featured_media":1699157,"comment_status":"closed","ping_status":"closed","sticky":false,"template":"","format":"standard","meta":{"episode_type":"","audio_file":"","cover_image":"","cover_image_id":"","duration":"","filesize":"","date_recorded":"","explicit":"","block":"","itunes_episode_number":"","itunes_title":"","itunes_season_number":"","itunes_episode_type":"","filesize_raw":"","footnotes":""},"categories":[16],"tags":[136],"group":[],"support":[],"class_list":["post-1699156","post","type-post","status-publish","format-standard","has-post-thumbnail","hentry","category-a-la-une","tag-ecologie"],"yoast_head":"<!-- This site is optimized with the Yoast SEO plugin v24.0 - https:\/\/yoast.com\/wordpress\/plugins\/seo\/ -->\n<title>Qu&#039;est-ce que la journ\u00e9e mondiale de la biodiversit\u00e9 ? - MyZen TV<\/title>\n<meta name=\"description\" content=\"Depuis l&#039;an 2000 l&#039;ONU a fix\u00e9 le 22 mai comme la journ\u00e9e mondiale de la biodiversit\u00e9. MyZen TV vous explique l&#039;importance ce cet \u00e9v\u00e8nement.\" \/>\n<meta name=\"robots\" content=\"index, follow, max-snippet:-1, max-image-preview:large, max-video-preview:-1\" \/>\n<link rel=\"canonical\" href=\"https:\/\/www.myzen.tv\/fr\/quest-ce-que-la-journee-mondiale-de-la-biodiversite\/\" \/>\n<meta property=\"og:locale\" content=\"fr_FR\" \/>\n<meta property=\"og:type\" content=\"article\" \/>\n<meta property=\"og:title\" content=\"Qu&#039;est-ce que la journ\u00e9e mondiale de la biodiversit\u00e9 ? - MyZen TV\" \/>\n<meta property=\"og:description\" content=\"Depuis l&#039;an 2000 l&#039;ONU a fix\u00e9 le 22 mai comme la journ\u00e9e mondiale de la biodiversit\u00e9. MyZen TV vous explique l&#039;importance ce cet \u00e9v\u00e8nement.\" \/>\n<meta property=\"og:url\" content=\"https:\/\/www.myzen.tv\/fr\/quest-ce-que-la-journee-mondiale-de-la-biodiversite\/\" \/>\n<meta property=\"og:site_name\" content=\"MyZen TV\" \/>\n<meta property=\"article:publisher\" content=\"https:\/\/www.facebook.com\/myzen.tv.fr\/\" \/>\n<meta property=\"article:published_time\" content=\"2023-05-22T06:00:00+00:00\" \/>\n<meta property=\"article:modified_time\" content=\"2023-05-12T15:12:39+00:00\" \/>\n<meta property=\"og:image\" content=\"https:\/\/www.myzen.tv\/wp-content\/uploads\/2023\/05\/Quest-ce-que-la-journe\u0301e-mondiale-de-la-biodiversite\u0301-_-1-1024x576.png\" \/>\n\t<meta property=\"og:image:width\" content=\"1024\" \/>\n\t<meta property=\"og:image:height\" content=\"576\" \/>\n\t<meta property=\"og:image:type\" content=\"image\/png\" \/>\n<meta name=\"author\" content=\"Gilles Farina\" \/>\n<meta name=\"twitter:card\" content=\"summary_large_image\" \/>\n<meta name=\"twitter:label1\" content=\"\u00c9crit par\" \/>\n\t<meta name=\"twitter:data1\" content=\"Gilles Farina\" \/>\n\t<meta name=\"twitter:label2\" content=\"Dur\u00e9e de lecture estim\u00e9e\" \/>\n\t<meta name=\"twitter:data2\" content=\"3 minutes\" \/>\n<!-- \/ Yoast SEO plugin. -->","yoast_head_json":{"title":"Qu'est-ce que la journ\u00e9e mondiale de la biodiversit\u00e9 ? - MyZen TV","description":"Depuis l'an 2000 l'ONU a fix\u00e9 le 22 mai comme la journ\u00e9e mondiale de la biodiversit\u00e9. MyZen TV vous explique l'importance ce cet \u00e9v\u00e8nement.","robots":{"index":"index","follow":"follow","max-snippet":"max-snippet:-1","max-image-preview":"max-image-preview:large","max-video-preview":"max-video-preview:-1"},"canonical":"https:\/\/www.myzen.tv\/fr\/quest-ce-que-la-journee-mondiale-de-la-biodiversite\/","og_locale":"fr_FR","og_type":"article","og_title":"Qu'est-ce que la journ\u00e9e mondiale de la biodiversit\u00e9 ? - MyZen TV","og_description":"Depuis l'an 2000 l'ONU a fix\u00e9 le 22 mai comme la journ\u00e9e mondiale de la biodiversit\u00e9. MyZen TV vous explique l'importance ce cet \u00e9v\u00e8nement.","og_url":"https:\/\/www.myzen.tv\/fr\/quest-ce-que-la-journee-mondiale-de-la-biodiversite\/","og_site_name":"MyZen TV","article_publisher":"https:\/\/www.facebook.com\/myzen.tv.fr\/","article_published_time":"2023-05-22T06:00:00+00:00","article_modified_time":"2023-05-12T15:12:39+00:00","og_image":[{"width":1024,"height":576,"url":"https:\/\/www.myzen.tv\/wp-content\/uploads\/2023\/05\/Quest-ce-que-la-journe\u0301e-mondiale-de-la-biodiversite\u0301-_-1-1024x576.png","type":"image\/png"}],"author":"Gilles Farina","twitter_card":"summary_large_image","twitter_misc":{"\u00c9crit par":"Gilles Farina","Dur\u00e9e de lecture estim\u00e9e":"3 minutes"},"schema":{"@context":"https:\/\/schema.org","@graph":[{"@type":"Article","@id":"https:\/\/www.myzen.tv\/fr\/quest-ce-que-la-journee-mondiale-de-la-biodiversite\/#article","isPartOf":{"@id":"https:\/\/www.myzen.tv\/fr\/quest-ce-que-la-journee-mondiale-de-la-biodiversite\/"},"author":{"name":"Gilles Farina","@id":"https:\/\/www.myzen.tv\/fr\/#\/schema\/person\/978a9e7addfdccd3326847815bc2aca6"},"headline":"Qu&rsquo;est-ce que la journ\u00e9e mondiale de la biodiversit\u00e9 ?","datePublished":"2023-05-22T06:00:00+00:00","dateModified":"2023-05-12T15:12:39+00:00","mainEntityOfPage":{"@id":"https:\/\/www.myzen.tv\/fr\/quest-ce-que-la-journee-mondiale-de-la-biodiversite\/"},"wordCount":634,"publisher":{"@id":"https:\/\/www.myzen.tv\/fr\/#organization"},"image":{"@id":"https:\/\/www.myzen.tv\/fr\/quest-ce-que-la-journee-mondiale-de-la-biodiversite\/#primaryimage"},"thumbnailUrl":"https:\/\/www.myzen.tv\/wp-content\/uploads\/2023\/05\/Quest-ce-que-la-journe\u0301e-mondiale-de-la-biodiversite\u0301-_-1.png","keywords":["\u00e9cologie"],"articleSection":["A la une"],"inLanguage":"fr-FR"},{"@type":"WebPage","@id":"https:\/\/www.myzen.tv\/fr\/quest-ce-que-la-journee-mondiale-de-la-biodiversite\/","url":"https:\/\/www.myzen.tv\/fr\/quest-ce-que-la-journee-mondiale-de-la-biodiversite\/","name":"Qu'est-ce que la journ\u00e9e mondiale de la biodiversit\u00e9 ? - MyZen TV","isPartOf":{"@id":"https:\/\/www.myzen.tv\/fr\/#website"},"primaryImageOfPage":{"@id":"https:\/\/www.myzen.tv\/fr\/quest-ce-que-la-journee-mondiale-de-la-biodiversite\/#primaryimage"},"image":{"@id":"https:\/\/www.myzen.tv\/fr\/quest-ce-que-la-journee-mondiale-de-la-biodiversite\/#primaryimage"},"thumbnailUrl":"https:\/\/www.myzen.tv\/wp-content\/uploads\/2023\/05\/Quest-ce-que-la-journe\u0301e-mondiale-de-la-biodiversite\u0301-_-1.png","datePublished":"2023-05-22T06:00:00+00:00","dateModified":"2023-05-12T15:12:39+00:00","description":"Depuis l'an 2000 l'ONU a fix\u00e9 le 22 mai comme la journ\u00e9e mondiale de la biodiversit\u00e9. MyZen TV vous explique l'importance ce cet \u00e9v\u00e8nement.","breadcrumb":{"@id":"https:\/\/www.myzen.tv\/fr\/quest-ce-que-la-journee-mondiale-de-la-biodiversite\/#breadcrumb"},"inLanguage":"fr-FR","potentialAction":[{"@type":"ReadAction","target":["https:\/\/www.myzen.tv\/fr\/quest-ce-que-la-journee-mondiale-de-la-biodiversite\/"]}]},{"@type":"ImageObject","inLanguage":"fr-FR","@id":"https:\/\/www.myzen.tv\/fr\/quest-ce-que-la-journee-mondiale-de-la-biodiversite\/#primaryimage","url":"https:\/\/www.myzen.tv\/wp-content\/uploads\/2023\/05\/Quest-ce-que-la-journe\u0301e-mondiale-de-la-biodiversite\u0301-_-1.png","contentUrl":"https:\/\/www.myzen.tv\/wp-content\/uploads\/2023\/05\/Quest-ce-que-la-journe\u0301e-mondiale-de-la-biodiversite\u0301-_-1.png","width":1920,"height":1080,"caption":"Qu'est-ce que la journ\u00e9e mondiale de la biodiversit\u00e9 ?"},{"@type":"BreadcrumbList","@id":"https:\/\/www.myzen.tv\/fr\/quest-ce-que-la-journee-mondiale-de-la-biodiversite\/#breadcrumb","itemListElement":[{"@type":"ListItem","position":1,"name":"Home","item":"https:\/\/www.myzen.tv\/fr\/"},{"@type":"ListItem","position":2,"name":"Qu&#8217;est-ce que la journ\u00e9e mondiale de la biodiversit\u00e9 ?"}]},{"@type":"WebSite","@id":"https:\/\/www.myzen.tv\/fr\/#website","url":"https:\/\/www.myzen.tv\/fr\/","name":"MyZen TV","description":"Your lifestyle and well-being channel","publisher":{"@id":"https:\/\/www.myzen.tv\/fr\/#organization"},"potentialAction":[{"@type":"SearchAction","target":{"@type":"EntryPoint","urlTemplate":"https:\/\/www.myzen.tv\/fr\/?s={search_term_string}"},"query-input":{"@type":"PropertyValueSpecification","valueRequired":true,"valueName":"search_term_string"}}],"inLanguage":"fr-FR"},{"@type":"Organization","@id":"https:\/\/www.myzen.tv\/fr\/#organization","name":"MyZen TV","url":"https:\/\/www.myzen.tv\/fr\/","logo":{"@type":"ImageObject","inLanguage":"fr-FR","@id":"https:\/\/www.myzen.tv\/fr\/#\/schema\/logo\/image\/","url":"https:\/\/www.myzen.tv\/wp-content\/uploads\/2021\/05\/cropped-ICON_MZtv-LOGO_firetv640-1-1.png","contentUrl":"https:\/\/www.myzen.tv\/wp-content\/uploads\/2021\/05\/cropped-ICON_MZtv-LOGO_firetv640-1-1.png","width":512,"height":512,"caption":"MyZen TV"},"image":{"@id":"https:\/\/www.myzen.tv\/fr\/#\/schema\/logo\/image\/"},"sameAs":["https:\/\/www.facebook.com\/myzen.tv.fr\/","https:\/\/www.instagram.com\/myzentv\/"]},{"@type":"Person","@id":"https:\/\/www.myzen.tv\/fr\/#\/schema\/person\/978a9e7addfdccd3326847815bc2aca6","name":"Gilles Farina","url":"https:\/\/www.myzen.tv\/fr\/author\/giles-farina\/"}]}},"_links":{"self":[{"href":"https:\/\/www.myzen.tv\/fr\/wp-json\/wp\/v2\/posts\/1699156","targetHints":{"allow":["GET"]}}],"collection":[{"href":"https:\/\/www.myzen.tv\/fr\/wp-json\/wp\/v2\/posts"}],"about":[{"href":"https:\/\/www.myzen.tv\/fr\/wp-json\/wp\/v2\/types\/post"}],"author":[{"embeddable":true,"href":"https:\/\/www.myzen.tv\/fr\/wp-json\/wp\/v2\/users\/13"}],"replies":[{"embeddable":true,"href":"https:\/\/www.myzen.tv\/fr\/wp-json\/wp\/v2\/comments?post=1699156"}],"version-history":[{"count":3,"href":"https:\/\/www.myzen.tv\/fr\/wp-json\/wp\/v2\/posts\/1699156\/revisions"}],"predecessor-version":[{"id":1699427,"href":"https:\/\/www.myzen.tv\/fr\/wp-json\/wp\/v2\/posts\/1699156\/revisions\/1699427"}],"wp:featuredmedia":[{"embeddable":true,"href":"https:\/\/www.myzen.tv\/fr\/wp-json\/wp\/v2\/media\/1699157"}],"wp:attachment":[{"href":"https:\/\/www.myzen.tv\/fr\/wp-json\/wp\/v2\/media?parent=1699156"}],"wp:term":[{"taxonomy":"category","embeddable":true,"href":"https:\/\/www.myzen.tv\/fr\/wp-json\/wp\/v2\/categories?post=1699156"},{"taxonomy":"post_tag","embeddable":true,"href":"https:\/\/www.myzen.tv\/fr\/wp-json\/wp\/v2\/tags?post=1699156"},{"taxonomy":"group","embeddable":true,"href":"https:\/\/www.myzen.tv\/fr\/wp-json\/wp\/v2\/group?post=1699156"},{"taxonomy":"support","embeddable":true,"href":"https:\/\/www.myzen.tv\/fr\/wp-json\/wp\/v2\/support?post=1699156"}],"curies":[{"name":"wp","href":"https:\/\/api.w.org\/{rel}","templated":true}]}}