{"id":1699174,"date":"2023-05-24T06:00:00","date_gmt":"2023-05-24T06:00:00","guid":{"rendered":"https:\/\/www.myzen.tv\/?p=1699174"},"modified":"2023-05-17T15:31:46","modified_gmt":"2023-05-17T15:31:46","slug":"decouvrez-le-patrimoine-culinaire-de-lille","status":"publish","type":"post","link":"https:\/\/www.myzen.tv\/fr\/decouvrez-le-patrimoine-culinaire-de-lille\/","title":{"rendered":"D\u00e9couvrez le patrimoine culinaire de Lille !"},"content":{"rendered":"\n<p>Tour \u00e0 tour flamande, bourguignonne, espagnole avant de devenir fran\u00e7aise, <strong>Lille poss\u00e8de un patrimoine architectural exceptionnel. <\/strong>Aujourd&rsquo;hui, c&rsquo;est son <strong>patrimoine culinaire<\/strong> que nous allons explorer. En effet, la r\u00e9gion lilloise comporte <strong>une v\u00e9ritable culture culinaire<\/strong>. Reconnue partout en France, <strong>la gastronomie du Nord <\/strong>est g\u00e9n\u00e9reuse et gourmande. Pour la d\u00e9couvrir, direction la capitale des Flandres : Lille. De la recette du coq \u00e0 la bi\u00e8re \u00e0 la carbonade en passant par les c\u00e9l\u00e8bres frites, d\u00e9couvrez le patrimoine culinaire de Lille !<\/p>\n\n\n\n<h2 class=\"wp-block-heading\">Le coq \u00e0 la bi\u00e8re<\/h2>\n\n\n\n<figure class=\"wp-block-image size-large\"><img loading=\"lazy\" decoding=\"async\" width=\"1024\" height=\"576\" src=\"https:\/\/www.myzen.tv\/wp-content\/uploads\/2023\/05\/Le-coq-a\u0300-la-bie\u0300re-1-1024x576.png\" alt=\"\" class=\"wp-image-1699175\" srcset=\"https:\/\/www.myzen.tv\/wp-content\/uploads\/2023\/05\/Le-coq-a\u0300-la-bie\u0300re-1-1024x576.png 1024w, https:\/\/www.myzen.tv\/wp-content\/uploads\/2023\/05\/Le-coq-a\u0300-la-bie\u0300re-1-300x169.png 300w, https:\/\/www.myzen.tv\/wp-content\/uploads\/2023\/05\/Le-coq-a\u0300-la-bie\u0300re-1-768x432.png 768w, https:\/\/www.myzen.tv\/wp-content\/uploads\/2023\/05\/Le-coq-a\u0300-la-bie\u0300re-1-1536x864.png 1536w, https:\/\/www.myzen.tv\/wp-content\/uploads\/2023\/05\/Le-coq-a\u0300-la-bie\u0300re-1-320x180.png 320w, https:\/\/www.myzen.tv\/wp-content\/uploads\/2023\/05\/Le-coq-a\u0300-la-bie\u0300re-1-235x132.png 235w, https:\/\/www.myzen.tv\/wp-content\/uploads\/2023\/05\/Le-coq-a\u0300-la-bie\u0300re-1-540x304.png 540w, https:\/\/www.myzen.tv\/wp-content\/uploads\/2023\/05\/Le-coq-a\u0300-la-bie\u0300re-1.png 1920w\" sizes=\"auto, (max-width: 1024px) 100vw, 1024px\" \/><\/figure>\n\n\n\n<p><strong>V\u00e9ritable institution du Nord<\/strong>, le coq \u00e0 la bi\u00e8re est une sp\u00e9cialit\u00e9 qui ne peut que r\u00e9galer les fins gourmets. Le coq est mis \u00e0 mijoter avec du lard, du pain d&rsquo;\u00e9pice et du saindoux, et bien \u00e9videmment le tout est mouill\u00e9 \u00e0 la bi\u00e8re brune. Un v\u00e9ritable d\u00e9lice pour les papilles, et une recette tr\u00e8s abordable. Et si vous n&rsquo;aimez pas la bi\u00e8re, n&rsquo;h\u00e9sitez pas \u00e0 go\u00fbter le poulet au Maroilles.<\/p>\n\n\n\n<h2 class=\"wp-block-heading\">La carbonade flamande<\/h2>\n\n\n\n<figure class=\"wp-block-image size-large\"><img loading=\"lazy\" decoding=\"async\" width=\"1024\" height=\"576\" src=\"https:\/\/www.myzen.tv\/wp-content\/uploads\/2023\/05\/La-carbonade-flamande-1-1024x576.png\" alt=\"\" class=\"wp-image-1699177\" srcset=\"https:\/\/www.myzen.tv\/wp-content\/uploads\/2023\/05\/La-carbonade-flamande-1-1024x576.png 1024w, https:\/\/www.myzen.tv\/wp-content\/uploads\/2023\/05\/La-carbonade-flamande-1-300x169.png 300w, https:\/\/www.myzen.tv\/wp-content\/uploads\/2023\/05\/La-carbonade-flamande-1-768x432.png 768w, https:\/\/www.myzen.tv\/wp-content\/uploads\/2023\/05\/La-carbonade-flamande-1-1536x864.png 1536w, https:\/\/www.myzen.tv\/wp-content\/uploads\/2023\/05\/La-carbonade-flamande-1-320x180.png 320w, https:\/\/www.myzen.tv\/wp-content\/uploads\/2023\/05\/La-carbonade-flamande-1-235x132.png 235w, https:\/\/www.myzen.tv\/wp-content\/uploads\/2023\/05\/La-carbonade-flamande-1-540x304.png 540w, https:\/\/www.myzen.tv\/wp-content\/uploads\/2023\/05\/La-carbonade-flamande-1.png 1920w\" sizes=\"auto, (max-width: 1024px) 100vw, 1024px\" \/><\/figure>\n\n\n\n<p>\u00c9loignons-nous un peu de Lille, mais restons dans les Flandres pour go\u00fbter \u00e0 la carbonade flamande. Un plat \u00e9galement abordable, pr\u00e9par\u00e9 avec des morceaux de viande peu co\u00fbteux tels que le paleron ou la joue de b\u0153uf. Une fois de plus, la carbonade est mijot\u00e9e avec de la bi\u00e8re et du pain d&rsquo;\u00e9pice. Autrement dit, un b\u0153uf bourguignon du Nord, qui offre beaucoup de saveurs et de plaisir !<\/p>\n\n\n\n<h2 class=\"wp-block-heading\">La bi\u00e8re<\/h2>\n\n\n\n<figure class=\"wp-block-image size-large\"><img loading=\"lazy\" decoding=\"async\" width=\"1024\" height=\"576\" src=\"https:\/\/www.myzen.tv\/wp-content\/uploads\/2023\/05\/La-bie\u0300re-1-1024x576.png\" alt=\"\" class=\"wp-image-1699181\" srcset=\"https:\/\/www.myzen.tv\/wp-content\/uploads\/2023\/05\/La-bie\u0300re-1-1024x576.png 1024w, https:\/\/www.myzen.tv\/wp-content\/uploads\/2023\/05\/La-bie\u0300re-1-300x169.png 300w, https:\/\/www.myzen.tv\/wp-content\/uploads\/2023\/05\/La-bie\u0300re-1-768x432.png 768w, https:\/\/www.myzen.tv\/wp-content\/uploads\/2023\/05\/La-bie\u0300re-1-1536x864.png 1536w, https:\/\/www.myzen.tv\/wp-content\/uploads\/2023\/05\/La-bie\u0300re-1-320x180.png 320w, https:\/\/www.myzen.tv\/wp-content\/uploads\/2023\/05\/La-bie\u0300re-1-235x132.png 235w, https:\/\/www.myzen.tv\/wp-content\/uploads\/2023\/05\/La-bie\u0300re-1-540x304.png 540w, https:\/\/www.myzen.tv\/wp-content\/uploads\/2023\/05\/La-bie\u0300re-1.png 1920w\" sizes=\"auto, (max-width: 1024px) 100vw, 1024px\" \/><\/figure>\n\n\n\n<p>Comment ne pas go\u00fbter aux <strong>sp\u00e9cialit\u00e9s du Nord <\/strong>sans parler de la bi\u00e8re ? Boisson embl\u00e9matique des Flandres, la bi\u00e8re se d\u00e9guste tant pour se rafra\u00eechir que pour savourer. On ne compte plus le nombre de vari\u00e9t\u00e9s de bi\u00e8res lilloises : trappistes, IPA, bi\u00e8res de garde, ou encore la c\u00e9l\u00e8bre lager. Si vous \u00eates de passage \u00e0 Lille, rendez-vous dans les nombreuses brasseries ind\u00e9pendantes pour d\u00e9couvrir<strong> l&rsquo;art brassicole des Flandres<\/strong>.<\/p>\n\n\n\n<h2 class=\"wp-block-heading\">La cr\u00e8me br\u00fbl\u00e9e \u00e0 la chicor\u00e9e<\/h2>\n\n\n\n<figure class=\"wp-block-image size-large\"><img loading=\"lazy\" decoding=\"async\" width=\"1024\" height=\"576\" src=\"https:\/\/www.myzen.tv\/wp-content\/uploads\/2023\/05\/La-cre\u0300me-bru\u0302le\u0301e-a\u0300-la-chicore\u0301e-1-1-1-1024x576.png\" alt=\"\" class=\"wp-image-1699187\" srcset=\"https:\/\/www.myzen.tv\/wp-content\/uploads\/2023\/05\/La-cre\u0300me-bru\u0302le\u0301e-a\u0300-la-chicore\u0301e-1-1-1-1024x576.png 1024w, https:\/\/www.myzen.tv\/wp-content\/uploads\/2023\/05\/La-cre\u0300me-bru\u0302le\u0301e-a\u0300-la-chicore\u0301e-1-1-1-300x169.png 300w, https:\/\/www.myzen.tv\/wp-content\/uploads\/2023\/05\/La-cre\u0300me-bru\u0302le\u0301e-a\u0300-la-chicore\u0301e-1-1-1-768x432.png 768w, https:\/\/www.myzen.tv\/wp-content\/uploads\/2023\/05\/La-cre\u0300me-bru\u0302le\u0301e-a\u0300-la-chicore\u0301e-1-1-1-1536x864.png 1536w, https:\/\/www.myzen.tv\/wp-content\/uploads\/2023\/05\/La-cre\u0300me-bru\u0302le\u0301e-a\u0300-la-chicore\u0301e-1-1-1-320x180.png 320w, https:\/\/www.myzen.tv\/wp-content\/uploads\/2023\/05\/La-cre\u0300me-bru\u0302le\u0301e-a\u0300-la-chicore\u0301e-1-1-1-235x132.png 235w, https:\/\/www.myzen.tv\/wp-content\/uploads\/2023\/05\/La-cre\u0300me-bru\u0302le\u0301e-a\u0300-la-chicore\u0301e-1-1-1-540x304.png 540w, https:\/\/www.myzen.tv\/wp-content\/uploads\/2023\/05\/La-cre\u0300me-bru\u0302le\u0301e-a\u0300-la-chicore\u0301e-1-1-1.png 1920w\" sizes=\"auto, (max-width: 1024px) 100vw, 1024px\" \/><\/figure>\n\n\n\n<p>En dessert, pourquoi ne pas go\u00fbter \u00e0 la cr\u00e8me br\u00fbl\u00e9e \u00e0 la chicor\u00e9e ? V\u00e9ritable institution des Hauts-de-France, la chicor\u00e9e ne se d\u00e9guste pas uniquement le matin ! En effet, la cr\u00e8me br\u00fbl\u00e9e \u00e0 la chicor\u00e9e est un excellent moyen de d\u00e9couvrir cette racine autrement qu&rsquo;en boisson. Sa l\u00e9g\u00e8re amertume viendra sublimer la douceur de votre dessert !<\/p>\n\n\n\n<p>Alors, pour d\u00e9couvrir<strong> tous les secrets du patrimoine culinaire de Lille et du Nord <\/strong>et en savoir plus sur <strong>les <\/strong><a href=\"https:\/\/www.myzen.tv\/fr\/fontainebleau-les-secrets-de-son-terroir\/\"><strong>sp\u00e9cialit\u00e9s<\/strong> culinaires de nos r\u00e9gions<\/a>, rendez-vous sur notre <a href=\"https:\/\/watch.myzen.tv\/\" target=\"_blank\" rel=\"noreferrer noopener\">plateforme de streaming<\/a> pour retrouver toutes les recettes de notre \u00e9mission <strong><a href=\"https:\/\/watch.myzen.tv\/smartlists\/les-carnets-de-julie\">Les carnets de Julie<\/a> en Pays Lillois<\/strong>.  <\/p>\n","protected":false},"excerpt":{"rendered":"<p>Tour \u00e0 tour flamande, bourguignonne, espagnole avant de devenir fran\u00e7aise, Lille poss\u00e8de un patrimoine architectural exceptionnel. Aujourd&rsquo;hui, c&rsquo;est son patrimoine culinaire que nous allons explorer. En effet, la r\u00e9gion lilloise comporte une v\u00e9ritable culture culinaire. Reconnue partout en France, la gastronomie du Nord est g\u00e9n\u00e9reuse et gourmande. Pour la d\u00e9couvrir, direction la capitale des Flandres [&hellip;]<\/p>\n","protected":false},"author":13,"featured_media":1699191,"comment_status":"closed","ping_status":"closed","sticky":false,"template":"","format":"standard","meta":{"episode_type":"","audio_file":"","cover_image":"","cover_image_id":"","duration":"","filesize":"","date_recorded":"","explicit":"","block":"","itunes_episode_number":"","itunes_title":"","itunes_season_number":"","itunes_episode_type":"","filesize_raw":"","footnotes":""},"categories":[16],"tags":[],"group":[],"support":[],"class_list":["post-1699174","post","type-post","status-publish","format-standard","has-post-thumbnail","hentry","category-a-la-une"],"yoast_head":"<!-- This site is optimized with the Yoast SEO plugin v24.0 - https:\/\/yoast.com\/wordpress\/plugins\/seo\/ -->\n<title>D\u00e9couvrez le patrimoine culinaire de Lille ! - MyZen TV<\/title>\n<meta name=\"description\" content=\"Reconnue partout en France, la gastronomie du Nord est g\u00e9n\u00e9reuse et gourmande. D\u00e9couvrez le patrimoine culinaire de Lille !\" \/>\n<meta name=\"robots\" content=\"index, follow, max-snippet:-1, max-image-preview:large, max-video-preview:-1\" \/>\n<link rel=\"canonical\" href=\"https:\/\/www.myzen.tv\/fr\/decouvrez-le-patrimoine-culinaire-de-lille\/\" \/>\n<meta property=\"og:locale\" content=\"fr_FR\" \/>\n<meta property=\"og:type\" content=\"article\" \/>\n<meta property=\"og:title\" content=\"D\u00e9couvrez le patrimoine culinaire de Lille ! - MyZen TV\" \/>\n<meta property=\"og:description\" content=\"Reconnue partout en France, la gastronomie du Nord est g\u00e9n\u00e9reuse et gourmande. D\u00e9couvrez le patrimoine culinaire de Lille !\" \/>\n<meta property=\"og:url\" content=\"https:\/\/www.myzen.tv\/fr\/decouvrez-le-patrimoine-culinaire-de-lille\/\" \/>\n<meta property=\"og:site_name\" content=\"MyZen TV\" \/>\n<meta property=\"article:publisher\" content=\"https:\/\/www.facebook.com\/myzen.tv.fr\/\" \/>\n<meta property=\"article:published_time\" content=\"2023-05-24T06:00:00+00:00\" \/>\n<meta property=\"article:modified_time\" content=\"2023-05-17T15:31:46+00:00\" \/>\n<meta property=\"og:image\" content=\"https:\/\/www.myzen.tv\/wp-content\/uploads\/2023\/05\/De\u0301couvrez-le-patrimoine-culinaire-de-Lille-1-1024x576.png\" \/>\n\t<meta property=\"og:image:width\" content=\"1024\" \/>\n\t<meta property=\"og:image:height\" content=\"576\" \/>\n\t<meta property=\"og:image:type\" content=\"image\/png\" \/>\n<meta name=\"author\" content=\"Gilles Farina\" \/>\n<meta name=\"twitter:card\" content=\"summary_large_image\" \/>\n<meta name=\"twitter:label1\" content=\"\u00c9crit par\" \/>\n\t<meta name=\"twitter:data1\" content=\"Gilles Farina\" \/>\n\t<meta name=\"twitter:label2\" content=\"Dur\u00e9e de lecture estim\u00e9e\" \/>\n\t<meta name=\"twitter:data2\" content=\"3 minutes\" \/>\n<!-- \/ Yoast SEO plugin. -->","yoast_head_json":{"title":"D\u00e9couvrez le patrimoine culinaire de Lille ! - MyZen TV","description":"Reconnue partout en France, la gastronomie du Nord est g\u00e9n\u00e9reuse et gourmande. D\u00e9couvrez le patrimoine culinaire de Lille !","robots":{"index":"index","follow":"follow","max-snippet":"max-snippet:-1","max-image-preview":"max-image-preview:large","max-video-preview":"max-video-preview:-1"},"canonical":"https:\/\/www.myzen.tv\/fr\/decouvrez-le-patrimoine-culinaire-de-lille\/","og_locale":"fr_FR","og_type":"article","og_title":"D\u00e9couvrez le patrimoine culinaire de Lille ! - MyZen TV","og_description":"Reconnue partout en France, la gastronomie du Nord est g\u00e9n\u00e9reuse et gourmande. D\u00e9couvrez le patrimoine culinaire de Lille !","og_url":"https:\/\/www.myzen.tv\/fr\/decouvrez-le-patrimoine-culinaire-de-lille\/","og_site_name":"MyZen TV","article_publisher":"https:\/\/www.facebook.com\/myzen.tv.fr\/","article_published_time":"2023-05-24T06:00:00+00:00","article_modified_time":"2023-05-17T15:31:46+00:00","og_image":[{"width":1024,"height":576,"url":"https:\/\/www.myzen.tv\/wp-content\/uploads\/2023\/05\/De\u0301couvrez-le-patrimoine-culinaire-de-Lille-1-1024x576.png","type":"image\/png"}],"author":"Gilles Farina","twitter_card":"summary_large_image","twitter_misc":{"\u00c9crit par":"Gilles Farina","Dur\u00e9e de lecture estim\u00e9e":"3 minutes"},"schema":{"@context":"https:\/\/schema.org","@graph":[{"@type":"Article","@id":"https:\/\/www.myzen.tv\/fr\/decouvrez-le-patrimoine-culinaire-de-lille\/#article","isPartOf":{"@id":"https:\/\/www.myzen.tv\/fr\/decouvrez-le-patrimoine-culinaire-de-lille\/"},"author":{"name":"Gilles Farina","@id":"https:\/\/www.myzen.tv\/fr\/#\/schema\/person\/978a9e7addfdccd3326847815bc2aca6"},"headline":"D\u00e9couvrez le patrimoine culinaire de Lille !","datePublished":"2023-05-24T06:00:00+00:00","dateModified":"2023-05-17T15:31:46+00:00","mainEntityOfPage":{"@id":"https:\/\/www.myzen.tv\/fr\/decouvrez-le-patrimoine-culinaire-de-lille\/"},"wordCount":469,"publisher":{"@id":"https:\/\/www.myzen.tv\/fr\/#organization"},"image":{"@id":"https:\/\/www.myzen.tv\/fr\/decouvrez-le-patrimoine-culinaire-de-lille\/#primaryimage"},"thumbnailUrl":"https:\/\/www.myzen.tv\/wp-content\/uploads\/2023\/05\/De\u0301couvrez-le-patrimoine-culinaire-de-Lille-1.png","articleSection":["A la une"],"inLanguage":"fr-FR"},{"@type":"WebPage","@id":"https:\/\/www.myzen.tv\/fr\/decouvrez-le-patrimoine-culinaire-de-lille\/","url":"https:\/\/www.myzen.tv\/fr\/decouvrez-le-patrimoine-culinaire-de-lille\/","name":"D\u00e9couvrez le patrimoine culinaire de Lille ! - MyZen TV","isPartOf":{"@id":"https:\/\/www.myzen.tv\/fr\/#website"},"primaryImageOfPage":{"@id":"https:\/\/www.myzen.tv\/fr\/decouvrez-le-patrimoine-culinaire-de-lille\/#primaryimage"},"image":{"@id":"https:\/\/www.myzen.tv\/fr\/decouvrez-le-patrimoine-culinaire-de-lille\/#primaryimage"},"thumbnailUrl":"https:\/\/www.myzen.tv\/wp-content\/uploads\/2023\/05\/De\u0301couvrez-le-patrimoine-culinaire-de-Lille-1.png","datePublished":"2023-05-24T06:00:00+00:00","dateModified":"2023-05-17T15:31:46+00:00","description":"Reconnue partout en France, la gastronomie du Nord est g\u00e9n\u00e9reuse et gourmande. D\u00e9couvrez le patrimoine culinaire de Lille !","breadcrumb":{"@id":"https:\/\/www.myzen.tv\/fr\/decouvrez-le-patrimoine-culinaire-de-lille\/#breadcrumb"},"inLanguage":"fr-FR","potentialAction":[{"@type":"ReadAction","target":["https:\/\/www.myzen.tv\/fr\/decouvrez-le-patrimoine-culinaire-de-lille\/"]}]},{"@type":"ImageObject","inLanguage":"fr-FR","@id":"https:\/\/www.myzen.tv\/fr\/decouvrez-le-patrimoine-culinaire-de-lille\/#primaryimage","url":"https:\/\/www.myzen.tv\/wp-content\/uploads\/2023\/05\/De\u0301couvrez-le-patrimoine-culinaire-de-Lille-1.png","contentUrl":"https:\/\/www.myzen.tv\/wp-content\/uploads\/2023\/05\/De\u0301couvrez-le-patrimoine-culinaire-de-Lille-1.png","width":1920,"height":1080,"caption":"D\u00e9couvrez le patrimoine culinaire de Lille !"},{"@type":"BreadcrumbList","@id":"https:\/\/www.myzen.tv\/fr\/decouvrez-le-patrimoine-culinaire-de-lille\/#breadcrumb","itemListElement":[{"@type":"ListItem","position":1,"name":"Home","item":"https:\/\/www.myzen.tv\/fr\/"},{"@type":"ListItem","position":2,"name":"D\u00e9couvrez le patrimoine culinaire de Lille !"}]},{"@type":"WebSite","@id":"https:\/\/www.myzen.tv\/fr\/#website","url":"https:\/\/www.myzen.tv\/fr\/","name":"MyZen TV","description":"Your lifestyle and well-being channel","publisher":{"@id":"https:\/\/www.myzen.tv\/fr\/#organization"},"potentialAction":[{"@type":"SearchAction","target":{"@type":"EntryPoint","urlTemplate":"https:\/\/www.myzen.tv\/fr\/?s={search_term_string}"},"query-input":{"@type":"PropertyValueSpecification","valueRequired":true,"valueName":"search_term_string"}}],"inLanguage":"fr-FR"},{"@type":"Organization","@id":"https:\/\/www.myzen.tv\/fr\/#organization","name":"MyZen TV","url":"https:\/\/www.myzen.tv\/fr\/","logo":{"@type":"ImageObject","inLanguage":"fr-FR","@id":"https:\/\/www.myzen.tv\/fr\/#\/schema\/logo\/image\/","url":"https:\/\/www.myzen.tv\/wp-content\/uploads\/2021\/05\/cropped-ICON_MZtv-LOGO_firetv640-1-1.png","contentUrl":"https:\/\/www.myzen.tv\/wp-content\/uploads\/2021\/05\/cropped-ICON_MZtv-LOGO_firetv640-1-1.png","width":512,"height":512,"caption":"MyZen TV"},"image":{"@id":"https:\/\/www.myzen.tv\/fr\/#\/schema\/logo\/image\/"},"sameAs":["https:\/\/www.facebook.com\/myzen.tv.fr\/","https:\/\/www.instagram.com\/myzentv\/"]},{"@type":"Person","@id":"https:\/\/www.myzen.tv\/fr\/#\/schema\/person\/978a9e7addfdccd3326847815bc2aca6","name":"Gilles Farina","url":"https:\/\/www.myzen.tv\/fr\/author\/giles-farina\/"}]}},"_links":{"self":[{"href":"https:\/\/www.myzen.tv\/fr\/wp-json\/wp\/v2\/posts\/1699174","targetHints":{"allow":["GET"]}}],"collection":[{"href":"https:\/\/www.myzen.tv\/fr\/wp-json\/wp\/v2\/posts"}],"about":[{"href":"https:\/\/www.myzen.tv\/fr\/wp-json\/wp\/v2\/types\/post"}],"author":[{"embeddable":true,"href":"https:\/\/www.myzen.tv\/fr\/wp-json\/wp\/v2\/users\/13"}],"replies":[{"embeddable":true,"href":"https:\/\/www.myzen.tv\/fr\/wp-json\/wp\/v2\/comments?post=1699174"}],"version-history":[{"count":2,"href":"https:\/\/www.myzen.tv\/fr\/wp-json\/wp\/v2\/posts\/1699174\/revisions"}],"predecessor-version":[{"id":1699670,"href":"https:\/\/www.myzen.tv\/fr\/wp-json\/wp\/v2\/posts\/1699174\/revisions\/1699670"}],"wp:featuredmedia":[{"embeddable":true,"href":"https:\/\/www.myzen.tv\/fr\/wp-json\/wp\/v2\/media\/1699191"}],"wp:attachment":[{"href":"https:\/\/www.myzen.tv\/fr\/wp-json\/wp\/v2\/media?parent=1699174"}],"wp:term":[{"taxonomy":"category","embeddable":true,"href":"https:\/\/www.myzen.tv\/fr\/wp-json\/wp\/v2\/categories?post=1699174"},{"taxonomy":"post_tag","embeddable":true,"href":"https:\/\/www.myzen.tv\/fr\/wp-json\/wp\/v2\/tags?post=1699174"},{"taxonomy":"group","embeddable":true,"href":"https:\/\/www.myzen.tv\/fr\/wp-json\/wp\/v2\/group?post=1699174"},{"taxonomy":"support","embeddable":true,"href":"https:\/\/www.myzen.tv\/fr\/wp-json\/wp\/v2\/support?post=1699174"}],"curies":[{"name":"wp","href":"https:\/\/api.w.org\/{rel}","templated":true}]}}