{"id":1700001,"date":"2023-06-15T08:00:00","date_gmt":"2023-06-15T08:00:00","guid":{"rendered":"https:\/\/www.myzen.tv\/?p=1700001"},"modified":"2023-06-09T14:20:15","modified_gmt":"2023-06-09T14:20:15","slug":"la-route-des-vins-5-appellations-a-connaitre","status":"publish","type":"post","link":"https:\/\/www.myzen.tv\/fr\/la-route-des-vins-5-appellations-a-connaitre\/","title":{"rendered":"La route des vins : 5 appellations \u00e0 conna\u00eetre"},"content":{"rendered":"\n<p>Le monde entier conna\u00eet la France pour la qualit\u00e9 de ses vins. Le pays de Moli\u00e8re consid\u00e8re cette boisson \u00e0 base de raisin comme patrimoine national, symbole de l&rsquo;art de vivre \u00e0 la fran\u00e7aise. Bien que le vin reste un alcool, sa consommation r\u00e9guli\u00e8re fait partie de l&rsquo;exception fran\u00e7aise. <a href=\"https:\/\/www.myzen.tv\/fr\/\">MyZen TV<\/a> vous propose <strong>5 appellations \u00e0 conna\u00eetre<\/strong> !<\/p>\n\n\n\n<h2 class=\"wp-block-heading\">Lussac-Saint Emilion &#8211; Bordelais<\/h2>\n\n\n\n<figure class=\"wp-block-image size-large\"><img loading=\"lazy\" decoding=\"async\" width=\"1024\" height=\"576\" src=\"https:\/\/www.myzen.tv\/wp-content\/uploads\/2023\/05\/Lussac-Saint-Emilion-1-1-1024x576.png\" alt=\"\" class=\"wp-image-1700010\" srcset=\"https:\/\/www.myzen.tv\/wp-content\/uploads\/2023\/05\/Lussac-Saint-Emilion-1-1-1024x576.png 1024w, https:\/\/www.myzen.tv\/wp-content\/uploads\/2023\/05\/Lussac-Saint-Emilion-1-1-300x169.png 300w, https:\/\/www.myzen.tv\/wp-content\/uploads\/2023\/05\/Lussac-Saint-Emilion-1-1-768x432.png 768w, https:\/\/www.myzen.tv\/wp-content\/uploads\/2023\/05\/Lussac-Saint-Emilion-1-1-1536x864.png 1536w, https:\/\/www.myzen.tv\/wp-content\/uploads\/2023\/05\/Lussac-Saint-Emilion-1-1-320x180.png 320w, https:\/\/www.myzen.tv\/wp-content\/uploads\/2023\/05\/Lussac-Saint-Emilion-1-1-235x132.png 235w, https:\/\/www.myzen.tv\/wp-content\/uploads\/2023\/05\/Lussac-Saint-Emilion-1-1-540x304.png 540w, https:\/\/www.myzen.tv\/wp-content\/uploads\/2023\/05\/Lussac-Saint-Emilion-1-1.png 1920w\" sizes=\"auto, (max-width: 1024px) 100vw, 1024px\" \/><\/figure>\n\n\n\n<p><strong>Le vignoble de Lussac<\/strong> ferme en sa partie septentrionale le tr\u00e8s c\u00e9l\u00e8bre vignoble de Saint-\u00c9milion. L&rsquo;appellation produit exclusivement du vin rouge avec une pr\u00e9dominance pour le Merlot. Ce sont des vins abordables qui permettent de d\u00e9couvrir le terroir bordelais.<\/p>\n\n\n\n<h2 class=\"wp-block-heading\">Gigondas &#8211; C\u00f4te-du-Rh\u00f4ne<\/h2>\n\n\n\n<figure class=\"wp-block-image size-large\"><img loading=\"lazy\" decoding=\"async\" width=\"1024\" height=\"576\" src=\"https:\/\/www.myzen.tv\/wp-content\/uploads\/2023\/05\/Gigondas-1-1024x576.png\" alt=\"\" class=\"wp-image-1700008\" srcset=\"https:\/\/www.myzen.tv\/wp-content\/uploads\/2023\/05\/Gigondas-1-1024x576.png 1024w, https:\/\/www.myzen.tv\/wp-content\/uploads\/2023\/05\/Gigondas-1-300x169.png 300w, https:\/\/www.myzen.tv\/wp-content\/uploads\/2023\/05\/Gigondas-1-768x432.png 768w, https:\/\/www.myzen.tv\/wp-content\/uploads\/2023\/05\/Gigondas-1-1536x864.png 1536w, https:\/\/www.myzen.tv\/wp-content\/uploads\/2023\/05\/Gigondas-1-320x180.png 320w, https:\/\/www.myzen.tv\/wp-content\/uploads\/2023\/05\/Gigondas-1-235x132.png 235w, https:\/\/www.myzen.tv\/wp-content\/uploads\/2023\/05\/Gigondas-1-540x304.png 540w, https:\/\/www.myzen.tv\/wp-content\/uploads\/2023\/05\/Gigondas-1.png 1920w\" sizes=\"auto, (max-width: 1024px) 100vw, 1024px\" \/><\/figure>\n\n\n\n<p>Cette appellation prend naissance sur un plateau \u00e0 une centaine de m\u00e8tres d&rsquo;altitude et s&rsquo;\u00e9tend sur les contreforts des Dentelles de Montmirail. En effet, les 3000 heures d&rsquo;ensoleillement annuelles donnent aux <strong>Gigondas<\/strong> leur caract\u00e8re m\u00e9ridional \u00e9quilibr\u00e9 et frais.<\/p>\n\n\n\n<h2 class=\"wp-block-heading\">Nuit-Saint-Georges &#8211; Bourgogne<\/h2>\n\n\n\n<figure class=\"wp-block-image size-large\"><img loading=\"lazy\" decoding=\"async\" width=\"1024\" height=\"576\" src=\"https:\/\/www.myzen.tv\/wp-content\/uploads\/2023\/05\/Nuit-saint-Georges-1-1024x576.png\" alt=\"\" class=\"wp-image-1700006\" srcset=\"https:\/\/www.myzen.tv\/wp-content\/uploads\/2023\/05\/Nuit-saint-Georges-1-1024x576.png 1024w, https:\/\/www.myzen.tv\/wp-content\/uploads\/2023\/05\/Nuit-saint-Georges-1-300x169.png 300w, https:\/\/www.myzen.tv\/wp-content\/uploads\/2023\/05\/Nuit-saint-Georges-1-768x432.png 768w, https:\/\/www.myzen.tv\/wp-content\/uploads\/2023\/05\/Nuit-saint-Georges-1-1536x864.png 1536w, https:\/\/www.myzen.tv\/wp-content\/uploads\/2023\/05\/Nuit-saint-Georges-1-320x180.png 320w, https:\/\/www.myzen.tv\/wp-content\/uploads\/2023\/05\/Nuit-saint-Georges-1-235x132.png 235w, https:\/\/www.myzen.tv\/wp-content\/uploads\/2023\/05\/Nuit-saint-Georges-1-540x304.png 540w, https:\/\/www.myzen.tv\/wp-content\/uploads\/2023\/05\/Nuit-saint-Georges-1.png 1920w\" sizes=\"auto, (max-width: 1024px) 100vw, 1024px\" \/><\/figure>\n\n\n\n<p><strong>L&rsquo;AOC Nuits-Saint-Georges <\/strong>produit des vins rouges et des vins blancs sur les deux communes de Nuits-Saint-Georges et de Pr\u00e9meaux-Prissey. Cette appellation r\u00e9put\u00e9e de la Bourgogne produit majoritairement du vin rouge, avec une faible quantit\u00e9 de vin blanc, sur un peu plus de 300 hectares. Situ\u00e9e entre Dijon et Beaune, \u00e0 quelques kilom\u00e8tres de la c\u00e9l\u00e8bre Roman\u00e9e-Conti, Nuits-Saint-Georges est un excellent moyen de d\u00e9couvrir les grands vins de Bourgogne.<\/p>\n\n\n\n<h2 class=\"wp-block-heading\">Tavel &#8211; C\u00f4tes-du-rh\u00f4ne gardoises<\/h2>\n\n\n\n<figure class=\"wp-block-image size-large\"><img loading=\"lazy\" decoding=\"async\" width=\"1024\" height=\"576\" src=\"https:\/\/www.myzen.tv\/wp-content\/uploads\/2023\/05\/Tavel-1-1024x576.png\" alt=\"\" class=\"wp-image-1700004\" srcset=\"https:\/\/www.myzen.tv\/wp-content\/uploads\/2023\/05\/Tavel-1-1024x576.png 1024w, https:\/\/www.myzen.tv\/wp-content\/uploads\/2023\/05\/Tavel-1-300x169.png 300w, https:\/\/www.myzen.tv\/wp-content\/uploads\/2023\/05\/Tavel-1-768x432.png 768w, https:\/\/www.myzen.tv\/wp-content\/uploads\/2023\/05\/Tavel-1-1536x864.png 1536w, https:\/\/www.myzen.tv\/wp-content\/uploads\/2023\/05\/Tavel-1-320x180.png 320w, https:\/\/www.myzen.tv\/wp-content\/uploads\/2023\/05\/Tavel-1-235x132.png 235w, https:\/\/www.myzen.tv\/wp-content\/uploads\/2023\/05\/Tavel-1-540x304.png 540w, https:\/\/www.myzen.tv\/wp-content\/uploads\/2023\/05\/Tavel-1.png 1920w\" sizes=\"auto, (max-width: 1024px) 100vw, 1024px\" \/><\/figure>\n\n\n\n<p>Trouver un bon ros\u00e9 fruit\u00e9 s&rsquo;av\u00e8re souvent compliqu\u00e9&#8230; Pourtant, <strong>le Tavel <\/strong>est une AOC pris\u00e9e des amateurs de saveurs fruit\u00e9es et florales. Situ\u00e9 sur la commune de Tavel, dans le d\u00e9partement du Gard, sur la rive droite du Rh\u00f4ne, le Tavel est un vin qui peut ais\u00e9ment vieillir.<\/p>\n\n\n\n<h2 class=\"wp-block-heading\">Jasni\u00e8re &#8211; vall\u00e9e de la Loire<\/h2>\n\n\n\n<figure class=\"wp-block-image size-large\"><img loading=\"lazy\" decoding=\"async\" width=\"1024\" height=\"576\" src=\"https:\/\/www.myzen.tv\/wp-content\/uploads\/2023\/05\/Vin-de-Jasnie\u0300res-1-1024x576.png\" alt=\"\" class=\"wp-image-1699781\" srcset=\"https:\/\/www.myzen.tv\/wp-content\/uploads\/2023\/05\/Vin-de-Jasnie\u0300res-1-1024x576.png 1024w, https:\/\/www.myzen.tv\/wp-content\/uploads\/2023\/05\/Vin-de-Jasnie\u0300res-1-300x169.png 300w, https:\/\/www.myzen.tv\/wp-content\/uploads\/2023\/05\/Vin-de-Jasnie\u0300res-1-768x432.png 768w, https:\/\/www.myzen.tv\/wp-content\/uploads\/2023\/05\/Vin-de-Jasnie\u0300res-1-1536x864.png 1536w, https:\/\/www.myzen.tv\/wp-content\/uploads\/2023\/05\/Vin-de-Jasnie\u0300res-1-320x180.png 320w, https:\/\/www.myzen.tv\/wp-content\/uploads\/2023\/05\/Vin-de-Jasnie\u0300res-1-235x132.png 235w, https:\/\/www.myzen.tv\/wp-content\/uploads\/2023\/05\/Vin-de-Jasnie\u0300res-1-540x304.png 540w, https:\/\/www.myzen.tv\/wp-content\/uploads\/2023\/05\/Vin-de-Jasnie\u0300res-1.png 1920w\" sizes=\"auto, (max-width: 1024px) 100vw, 1024px\" \/><\/figure>\n\n\n\n<p>D\u00e9limit\u00e9 entre les communes de Ruill\u00e9-sur-Loir et Lhomme, un petit territoire produit l&rsquo;un des vins les plus appr\u00e9ci\u00e9s des gastronomes. On l&rsquo;appelle <strong>le vin de Jasni\u00e8res <\/strong>! Et pour l&rsquo;anecdote, il s&rsquo;agit de l&rsquo;un des premiers vins \u00e0 avoir obtenu une AOC.<\/p>\n\n\n\n<p>Avec ces 5 appellations \u00e0 connaitre, vous \u00eates pr\u00eat pour d\u00e9guster les meilleurs nectars des vignobles fran\u00e7ais.<\/p>\n\n\n\n<p>Alors, pour d\u00e9couvrir<strong> tous les secrets de la route des vins <\/strong>et en savoir plus sur <strong>les <\/strong><a href=\"https:\/\/www.myzen.tv\/fr\/program\/episode\/13526-la-route-des-vins-s00-e07\"><strong>sp\u00e9cialit\u00e9s<\/strong> culinaires de nos r\u00e9gions<\/a>, rendez-vous sur notre <a href=\"https:\/\/watch.myzen.tv\/\" target=\"_blank\" rel=\"noreferrer noopener\">plateforme de streaming<\/a> !<\/p>\n","protected":false},"excerpt":{"rendered":"<p>Le monde entier conna\u00eet la France pour la qualit\u00e9 de ses vins. Le pays de Moli\u00e8re consid\u00e8re cette boisson \u00e0 base de raisin comme patrimoine national, symbole de l&rsquo;art de vivre \u00e0 la fran\u00e7aise. Bien que le vin reste un alcool, sa consommation r\u00e9guli\u00e8re fait partie de l&rsquo;exception fran\u00e7aise. MyZen TV vous propose 5 appellations [&hellip;]<\/p>\n","protected":false},"author":13,"featured_media":1700092,"comment_status":"closed","ping_status":"closed","sticky":false,"template":"","format":"standard","meta":{"episode_type":"","audio_file":"","cover_image":"","cover_image_id":"","duration":"","filesize":"","date_recorded":"","explicit":"","block":"","itunes_episode_number":"","itunes_title":"","itunes_season_number":"","itunes_episode_type":"","filesize_raw":"","footnotes":""},"categories":[16],"tags":[],"group":[],"support":[],"class_list":["post-1700001","post","type-post","status-publish","format-standard","has-post-thumbnail","hentry","category-a-la-une"],"yoast_head":"<!-- This site is optimized with the Yoast SEO plugin v24.0 - https:\/\/yoast.com\/wordpress\/plugins\/seo\/ -->\n<title>La route des vins : 5 appellations \u00e0 conna\u00eetre - MyZen TV<\/title>\n<meta name=\"description\" content=\"La consommation de vin fait partie de la richesse gastronomique fran\u00e7aise. MyZen TV vous propose 5 appellations \u00e0 connaitre !\" \/>\n<meta name=\"robots\" content=\"index, follow, max-snippet:-1, max-image-preview:large, max-video-preview:-1\" \/>\n<link rel=\"canonical\" href=\"https:\/\/www.myzen.tv\/fr\/la-route-des-vins-5-appellations-a-connaitre\/\" \/>\n<meta property=\"og:locale\" content=\"fr_FR\" \/>\n<meta property=\"og:type\" content=\"article\" \/>\n<meta property=\"og:title\" content=\"La route des vins : 5 appellations \u00e0 conna\u00eetre - MyZen TV\" \/>\n<meta property=\"og:description\" content=\"La consommation de vin fait partie de la richesse gastronomique fran\u00e7aise. MyZen TV vous propose 5 appellations \u00e0 connaitre !\" \/>\n<meta property=\"og:url\" content=\"https:\/\/www.myzen.tv\/fr\/la-route-des-vins-5-appellations-a-connaitre\/\" \/>\n<meta property=\"og:site_name\" content=\"MyZen TV\" \/>\n<meta property=\"article:publisher\" content=\"https:\/\/www.facebook.com\/myzen.tv.fr\/\" \/>\n<meta property=\"article:published_time\" content=\"2023-06-15T08:00:00+00:00\" \/>\n<meta property=\"article:modified_time\" content=\"2023-06-09T14:20:15+00:00\" \/>\n<meta property=\"og:image\" content=\"https:\/\/www.myzen.tv\/wp-content\/uploads\/2023\/05\/5-appellations-a-connaitre.png\" \/>\n\t<meta property=\"og:image:width\" content=\"1920\" \/>\n\t<meta property=\"og:image:height\" content=\"1080\" \/>\n\t<meta property=\"og:image:type\" content=\"image\/png\" \/>\n<meta name=\"author\" content=\"Gilles Farina\" \/>\n<meta name=\"twitter:card\" content=\"summary_large_image\" \/>\n<meta name=\"twitter:label1\" content=\"\u00c9crit par\" \/>\n\t<meta name=\"twitter:data1\" content=\"Gilles Farina\" \/>\n\t<meta name=\"twitter:label2\" content=\"Dur\u00e9e de lecture estim\u00e9e\" \/>\n\t<meta name=\"twitter:data2\" content=\"3 minutes\" \/>\n<!-- \/ Yoast SEO plugin. -->","yoast_head_json":{"title":"La route des vins : 5 appellations \u00e0 conna\u00eetre - MyZen TV","description":"La consommation de vin fait partie de la richesse gastronomique fran\u00e7aise. MyZen TV vous propose 5 appellations \u00e0 connaitre !","robots":{"index":"index","follow":"follow","max-snippet":"max-snippet:-1","max-image-preview":"max-image-preview:large","max-video-preview":"max-video-preview:-1"},"canonical":"https:\/\/www.myzen.tv\/fr\/la-route-des-vins-5-appellations-a-connaitre\/","og_locale":"fr_FR","og_type":"article","og_title":"La route des vins : 5 appellations \u00e0 conna\u00eetre - MyZen TV","og_description":"La consommation de vin fait partie de la richesse gastronomique fran\u00e7aise. MyZen TV vous propose 5 appellations \u00e0 connaitre !","og_url":"https:\/\/www.myzen.tv\/fr\/la-route-des-vins-5-appellations-a-connaitre\/","og_site_name":"MyZen TV","article_publisher":"https:\/\/www.facebook.com\/myzen.tv.fr\/","article_published_time":"2023-06-15T08:00:00+00:00","article_modified_time":"2023-06-09T14:20:15+00:00","og_image":[{"width":1920,"height":1080,"url":"https:\/\/www.myzen.tv\/wp-content\/uploads\/2023\/05\/5-appellations-a-connaitre.png","type":"image\/png"}],"author":"Gilles Farina","twitter_card":"summary_large_image","twitter_misc":{"\u00c9crit par":"Gilles Farina","Dur\u00e9e de lecture estim\u00e9e":"3 minutes"},"schema":{"@context":"https:\/\/schema.org","@graph":[{"@type":"Article","@id":"https:\/\/www.myzen.tv\/fr\/la-route-des-vins-5-appellations-a-connaitre\/#article","isPartOf":{"@id":"https:\/\/www.myzen.tv\/fr\/la-route-des-vins-5-appellations-a-connaitre\/"},"author":{"name":"Gilles Farina","@id":"https:\/\/www.myzen.tv\/fr\/#\/schema\/person\/978a9e7addfdccd3326847815bc2aca6"},"headline":"La route des vins : 5 appellations \u00e0 conna\u00eetre","datePublished":"2023-06-15T08:00:00+00:00","dateModified":"2023-06-09T14:20:15+00:00","mainEntityOfPage":{"@id":"https:\/\/www.myzen.tv\/fr\/la-route-des-vins-5-appellations-a-connaitre\/"},"wordCount":403,"publisher":{"@id":"https:\/\/www.myzen.tv\/fr\/#organization"},"image":{"@id":"https:\/\/www.myzen.tv\/fr\/la-route-des-vins-5-appellations-a-connaitre\/#primaryimage"},"thumbnailUrl":"https:\/\/www.myzen.tv\/wp-content\/uploads\/2023\/05\/5-appellations-a-connaitre.png","articleSection":["A la une"],"inLanguage":"fr-FR"},{"@type":"WebPage","@id":"https:\/\/www.myzen.tv\/fr\/la-route-des-vins-5-appellations-a-connaitre\/","url":"https:\/\/www.myzen.tv\/fr\/la-route-des-vins-5-appellations-a-connaitre\/","name":"La route des vins : 5 appellations \u00e0 conna\u00eetre - MyZen TV","isPartOf":{"@id":"https:\/\/www.myzen.tv\/fr\/#website"},"primaryImageOfPage":{"@id":"https:\/\/www.myzen.tv\/fr\/la-route-des-vins-5-appellations-a-connaitre\/#primaryimage"},"image":{"@id":"https:\/\/www.myzen.tv\/fr\/la-route-des-vins-5-appellations-a-connaitre\/#primaryimage"},"thumbnailUrl":"https:\/\/www.myzen.tv\/wp-content\/uploads\/2023\/05\/5-appellations-a-connaitre.png","datePublished":"2023-06-15T08:00:00+00:00","dateModified":"2023-06-09T14:20:15+00:00","description":"La consommation de vin fait partie de la richesse gastronomique fran\u00e7aise. MyZen TV vous propose 5 appellations \u00e0 connaitre !","breadcrumb":{"@id":"https:\/\/www.myzen.tv\/fr\/la-route-des-vins-5-appellations-a-connaitre\/#breadcrumb"},"inLanguage":"fr-FR","potentialAction":[{"@type":"ReadAction","target":["https:\/\/www.myzen.tv\/fr\/la-route-des-vins-5-appellations-a-connaitre\/"]}]},{"@type":"ImageObject","inLanguage":"fr-FR","@id":"https:\/\/www.myzen.tv\/fr\/la-route-des-vins-5-appellations-a-connaitre\/#primaryimage","url":"https:\/\/www.myzen.tv\/wp-content\/uploads\/2023\/05\/5-appellations-a-connaitre.png","contentUrl":"https:\/\/www.myzen.tv\/wp-content\/uploads\/2023\/05\/5-appellations-a-connaitre.png","width":1920,"height":1080,"caption":"5 appellations \u00e0 conna\u00eetre"},{"@type":"BreadcrumbList","@id":"https:\/\/www.myzen.tv\/fr\/la-route-des-vins-5-appellations-a-connaitre\/#breadcrumb","itemListElement":[{"@type":"ListItem","position":1,"name":"Home","item":"https:\/\/www.myzen.tv\/fr\/"},{"@type":"ListItem","position":2,"name":"La route des vins : 5 appellations \u00e0 conna\u00eetre"}]},{"@type":"WebSite","@id":"https:\/\/www.myzen.tv\/fr\/#website","url":"https:\/\/www.myzen.tv\/fr\/","name":"MyZen TV","description":"Your lifestyle and well-being channel","publisher":{"@id":"https:\/\/www.myzen.tv\/fr\/#organization"},"potentialAction":[{"@type":"SearchAction","target":{"@type":"EntryPoint","urlTemplate":"https:\/\/www.myzen.tv\/fr\/?s={search_term_string}"},"query-input":{"@type":"PropertyValueSpecification","valueRequired":true,"valueName":"search_term_string"}}],"inLanguage":"fr-FR"},{"@type":"Organization","@id":"https:\/\/www.myzen.tv\/fr\/#organization","name":"MyZen TV","url":"https:\/\/www.myzen.tv\/fr\/","logo":{"@type":"ImageObject","inLanguage":"fr-FR","@id":"https:\/\/www.myzen.tv\/fr\/#\/schema\/logo\/image\/","url":"https:\/\/www.myzen.tv\/wp-content\/uploads\/2021\/05\/cropped-ICON_MZtv-LOGO_firetv640-1-1.png","contentUrl":"https:\/\/www.myzen.tv\/wp-content\/uploads\/2021\/05\/cropped-ICON_MZtv-LOGO_firetv640-1-1.png","width":512,"height":512,"caption":"MyZen TV"},"image":{"@id":"https:\/\/www.myzen.tv\/fr\/#\/schema\/logo\/image\/"},"sameAs":["https:\/\/www.facebook.com\/myzen.tv.fr\/","https:\/\/www.instagram.com\/myzentv\/"]},{"@type":"Person","@id":"https:\/\/www.myzen.tv\/fr\/#\/schema\/person\/978a9e7addfdccd3326847815bc2aca6","name":"Gilles Farina","url":"https:\/\/www.myzen.tv\/fr\/author\/giles-farina\/"}]}},"_links":{"self":[{"href":"https:\/\/www.myzen.tv\/fr\/wp-json\/wp\/v2\/posts\/1700001","targetHints":{"allow":["GET"]}}],"collection":[{"href":"https:\/\/www.myzen.tv\/fr\/wp-json\/wp\/v2\/posts"}],"about":[{"href":"https:\/\/www.myzen.tv\/fr\/wp-json\/wp\/v2\/types\/post"}],"author":[{"embeddable":true,"href":"https:\/\/www.myzen.tv\/fr\/wp-json\/wp\/v2\/users\/13"}],"replies":[{"embeddable":true,"href":"https:\/\/www.myzen.tv\/fr\/wp-json\/wp\/v2\/comments?post=1700001"}],"version-history":[{"count":2,"href":"https:\/\/www.myzen.tv\/fr\/wp-json\/wp\/v2\/posts\/1700001\/revisions"}],"predecessor-version":[{"id":1700094,"href":"https:\/\/www.myzen.tv\/fr\/wp-json\/wp\/v2\/posts\/1700001\/revisions\/1700094"}],"wp:featuredmedia":[{"embeddable":true,"href":"https:\/\/www.myzen.tv\/fr\/wp-json\/wp\/v2\/media\/1700092"}],"wp:attachment":[{"href":"https:\/\/www.myzen.tv\/fr\/wp-json\/wp\/v2\/media?parent=1700001"}],"wp:term":[{"taxonomy":"category","embeddable":true,"href":"https:\/\/www.myzen.tv\/fr\/wp-json\/wp\/v2\/categories?post=1700001"},{"taxonomy":"post_tag","embeddable":true,"href":"https:\/\/www.myzen.tv\/fr\/wp-json\/wp\/v2\/tags?post=1700001"},{"taxonomy":"group","embeddable":true,"href":"https:\/\/www.myzen.tv\/fr\/wp-json\/wp\/v2\/group?post=1700001"},{"taxonomy":"support","embeddable":true,"href":"https:\/\/www.myzen.tv\/fr\/wp-json\/wp\/v2\/support?post=1700001"}],"curies":[{"name":"wp","href":"https:\/\/api.w.org\/{rel}","templated":true}]}}