{"id":1700015,"date":"2023-06-17T08:00:00","date_gmt":"2023-06-17T08:00:00","guid":{"rendered":"https:\/\/www.myzen.tv\/?p=1700015"},"modified":"2023-06-09T14:29:56","modified_gmt":"2023-06-09T14:29:56","slug":"comment-bien-preparer-ses-vacances-sans-stresser","status":"publish","type":"post","link":"https:\/\/www.myzen.tv\/fr\/comment-bien-preparer-ses-vacances-sans-stresser\/","title":{"rendered":"Comment bien pr\u00e9parer ses vacances sans stresser ?"},"content":{"rendered":"\n<p>Les vacances arrivent et les premiers pr\u00e9paratifs commencent. Logement, transport, activit\u00e9s&#8230; Tant d&rsquo;\u00e9tapes \u00e0 pr\u00e9parer pour vivre des moments merveilleux en p\u00e9riode estivale. Malheureusement, organiser ses vacances peut parfois \u00eatre synonyme de stress&#8230; Alors comment pr\u00e9parer ses vacances sans stresser ? Rassurez-vous, <a href=\"https:\/\/www.myzen.tv\/fr\/\">MyZen TV<\/a> vous donne quelques astuces pour partir sereinement.<\/p>\n\n\n\n<h2 class=\"wp-block-heading\">Logement<\/h2>\n\n\n\n<figure class=\"wp-block-image size-large\"><img loading=\"lazy\" decoding=\"async\" width=\"1024\" height=\"576\" src=\"https:\/\/www.myzen.tv\/wp-content\/uploads\/2023\/05\/Logement-1-1024x576.png\" alt=\"pr\u00e9parer ses vacances sans stresser\" class=\"wp-image-1700018\" srcset=\"https:\/\/www.myzen.tv\/wp-content\/uploads\/2023\/05\/Logement-1-1024x576.png 1024w, https:\/\/www.myzen.tv\/wp-content\/uploads\/2023\/05\/Logement-1-300x169.png 300w, https:\/\/www.myzen.tv\/wp-content\/uploads\/2023\/05\/Logement-1-768x432.png 768w, https:\/\/www.myzen.tv\/wp-content\/uploads\/2023\/05\/Logement-1-1536x864.png 1536w, https:\/\/www.myzen.tv\/wp-content\/uploads\/2023\/05\/Logement-1-320x180.png 320w, https:\/\/www.myzen.tv\/wp-content\/uploads\/2023\/05\/Logement-1-235x132.png 235w, https:\/\/www.myzen.tv\/wp-content\/uploads\/2023\/05\/Logement-1-540x304.png 540w, https:\/\/www.myzen.tv\/wp-content\/uploads\/2023\/05\/Logement-1.png 1920w\" sizes=\"auto, (max-width: 1024px) 100vw, 1024px\" \/><\/figure>\n\n\n\n<p>Lors des pr\u00e9paratifs de vos vacances, la premi\u00e8re chose \u00e0 faire (apr\u00e8s avoir choisi la destination) est de r\u00e9server votre logement. En effet, les prix varient peu tout au long de l&rsquo;ann\u00e9e, que ce soit pour les h\u00f4tels, les bed and breakfast ou les campings. Les propri\u00e9taires fixent les prix en fonction de la saison et du mois de l&rsquo;ann\u00e9e bien longtemps \u00e0 l&rsquo;avance. Donc, \u00e0 moins de trouver une promotion, il y a peu de chances d&rsquo;avoir des offres.<\/p>\n\n\n\n<p>Ainsi, chercher son logement \u00e0 l&rsquo;avance revient \u00e0 avoir la garantie du choix bien avant tout le monde. De quoi s&rsquo;enlever une bonne dose de stress !<\/p>\n\n\n\n<h2 class=\"wp-block-heading\">Transport<\/h2>\n\n\n\n<figure class=\"wp-block-image size-large\"><img loading=\"lazy\" decoding=\"async\" width=\"1024\" height=\"576\" src=\"https:\/\/www.myzen.tv\/wp-content\/uploads\/2023\/05\/Transport-1-1024x576.png\" alt=\"pr\u00e9parer ses vacances sans stresser\" class=\"wp-image-1700020\" srcset=\"https:\/\/www.myzen.tv\/wp-content\/uploads\/2023\/05\/Transport-1-1024x576.png 1024w, https:\/\/www.myzen.tv\/wp-content\/uploads\/2023\/05\/Transport-1-300x169.png 300w, https:\/\/www.myzen.tv\/wp-content\/uploads\/2023\/05\/Transport-1-768x432.png 768w, https:\/\/www.myzen.tv\/wp-content\/uploads\/2023\/05\/Transport-1-1536x864.png 1536w, https:\/\/www.myzen.tv\/wp-content\/uploads\/2023\/05\/Transport-1-320x180.png 320w, https:\/\/www.myzen.tv\/wp-content\/uploads\/2023\/05\/Transport-1-235x132.png 235w, https:\/\/www.myzen.tv\/wp-content\/uploads\/2023\/05\/Transport-1-540x304.png 540w, https:\/\/www.myzen.tv\/wp-content\/uploads\/2023\/05\/Transport-1.png 1920w\" sizes=\"auto, (max-width: 1024px) 100vw, 1024px\" \/><\/figure>\n\n\n\n<p>Bien souvent, les transports repr\u00e9sentent une grande part du budget voyage. Pour partir sereinement, il est imp\u00e9ratif de budg\u00e9tiser et bien pr\u00e9voir ses divers d\u00e9placements. Voici quelques astuces :<\/p>\n\n\n\n<ul class=\"wp-block-list\"><li>Si vous partez en voiture, pensez \u00e0 bien la faire r\u00e9viser avant par un professionnel et \u00e0 v\u00e9rifier la pression de vos pneus et vos niveaux le jour J. <\/li><li>Pour le train, veillez \u00e0 bien prendre vos billets \u00e0 l&rsquo;avance d\u00e8s l&rsquo;ouverture des r\u00e9servations. N&rsquo;oubliez pas de bien s\u00e9curiser vos valises et surtout, de garder vos objets personnels entre vos jambes pour \u00e9viter les vols. <\/li><li>Pour l&rsquo;avion, privil\u00e9giez les achats en pleine nuit et les jours de semaine. En effet, les compagnies a\u00e9riennes baissent les prix dans les heures \u00ab creuses \u00bb. De plus, ne prenez pas vos billets trop t\u00f4t ni trop tard. En effet, les \u00e9carts de prix peuvent \u00eatre du simple au triple&#8230;<\/li><\/ul>\n\n\n\n<p>Une fois le transport r\u00e9serv\u00e9 ou pr\u00e9par\u00e9, vous pourrez partir tranquillement.<\/p>\n\n\n\n<h2 class=\"wp-block-heading\">Activit\u00e9s <\/h2>\n\n\n\n<figure class=\"wp-block-image size-large\"><img loading=\"lazy\" decoding=\"async\" width=\"1024\" height=\"576\" src=\"https:\/\/www.myzen.tv\/wp-content\/uploads\/2023\/05\/Activite\u0301s-1-1024x576.png\" alt=\"pr\u00e9parer ses vacances sans stresser\" class=\"wp-image-1700022\" srcset=\"https:\/\/www.myzen.tv\/wp-content\/uploads\/2023\/05\/Activite\u0301s-1-1024x576.png 1024w, https:\/\/www.myzen.tv\/wp-content\/uploads\/2023\/05\/Activite\u0301s-1-300x169.png 300w, https:\/\/www.myzen.tv\/wp-content\/uploads\/2023\/05\/Activite\u0301s-1-768x432.png 768w, https:\/\/www.myzen.tv\/wp-content\/uploads\/2023\/05\/Activite\u0301s-1-1536x864.png 1536w, https:\/\/www.myzen.tv\/wp-content\/uploads\/2023\/05\/Activite\u0301s-1-320x180.png 320w, https:\/\/www.myzen.tv\/wp-content\/uploads\/2023\/05\/Activite\u0301s-1-235x132.png 235w, https:\/\/www.myzen.tv\/wp-content\/uploads\/2023\/05\/Activite\u0301s-1-540x304.png 540w, https:\/\/www.myzen.tv\/wp-content\/uploads\/2023\/05\/Activite\u0301s-1.png 1920w\" sizes=\"auto, (max-width: 1024px) 100vw, 1024px\" \/><\/figure>\n\n\n\n<p>Il est important de pr\u00e9voir ce que l&rsquo;on va faire une fois la destination de vacances choisie. En effet, les petits \u00ab extras \u00bb peuvent co\u00fbter tr\u00e8s cher \u00e0 la fin du s\u00e9jour. Or, si vous avez pr\u00e9vu ce que vous souhaitez faire et d\u00e9termin\u00e9 un budget pour les impr\u00e9vus et les extras, il est important de s&rsquo;y tenir. Pour cela, rien de plus simple ! Pr\u00e9voyez une application qui organise les voyages. Vous pourrez y rentrer toutes les d\u00e9penses et ainsi mieux g\u00e9rer votre budget.<\/p>\n\n\n\n<h2 class=\"wp-block-heading\">Valises<\/h2>\n\n\n\n<figure class=\"wp-block-image size-large\"><img loading=\"lazy\" decoding=\"async\" width=\"1024\" height=\"576\" src=\"https:\/\/www.myzen.tv\/wp-content\/uploads\/2023\/05\/Valises-1-1024x576.png\" alt=\"pr\u00e9parer ses vacances sans stresser\" class=\"wp-image-1700024\" srcset=\"https:\/\/www.myzen.tv\/wp-content\/uploads\/2023\/05\/Valises-1-1024x576.png 1024w, https:\/\/www.myzen.tv\/wp-content\/uploads\/2023\/05\/Valises-1-300x169.png 300w, https:\/\/www.myzen.tv\/wp-content\/uploads\/2023\/05\/Valises-1-768x432.png 768w, https:\/\/www.myzen.tv\/wp-content\/uploads\/2023\/05\/Valises-1-1536x864.png 1536w, https:\/\/www.myzen.tv\/wp-content\/uploads\/2023\/05\/Valises-1-320x180.png 320w, https:\/\/www.myzen.tv\/wp-content\/uploads\/2023\/05\/Valises-1-235x132.png 235w, https:\/\/www.myzen.tv\/wp-content\/uploads\/2023\/05\/Valises-1-540x304.png 540w, https:\/\/www.myzen.tv\/wp-content\/uploads\/2023\/05\/Valises-1.png 1920w\" sizes=\"auto, (max-width: 1024px) 100vw, 1024px\" \/><\/figure>\n\n\n\n<p>Pour beaucoup, pr\u00e9parer les valises est un v\u00e9ritable casse-t\u00eate&#8230; La fameuse angoisse de l&rsquo;oubli plane sur chaque objet ajout\u00e9 dans notre pr\u00e9cieux bagage ! Pour \u00e9viter le stress, la chose la plus simple \u00e0 faire est de faire une liste. Certes, cela peut sembler r\u00e9barbatif et prendre du temps, mais croyez-moi sur parole, cela nous sauve des oublis et des reproches une fois sur place&#8230;<\/p>\n\n\n\n<p>Vous savez maintenant <strong>comment pr\u00e9parer ses vacances sans stresser <\/strong>! <\/p>\n\n\n\n<p>Rendez-vous sur notre <a href=\"https:\/\/watch.myzen.tv\/\" target=\"_blank\" rel=\"noreferrer noopener\">plateforme de streaming<\/a> pour retrouver nos programmes consacr\u00e9s au voyage.<\/p>\n","protected":false},"excerpt":{"rendered":"<p>Les vacances arrivent et les premiers pr\u00e9paratifs commencent. Logement, transport, activit\u00e9s&#8230; Tant d&rsquo;\u00e9tapes \u00e0 pr\u00e9parer pour vivre des moments merveilleux en p\u00e9riode estivale. Malheureusement, organiser ses vacances peut parfois \u00eatre synonyme de stress&#8230; Alors comment pr\u00e9parer ses vacances sans stresser ? Rassurez-vous, MyZen TV vous donne quelques astuces pour partir sereinement. Logement Lors des pr\u00e9paratifs [&hellip;]<\/p>\n","protected":false},"author":13,"featured_media":1700026,"comment_status":"closed","ping_status":"closed","sticky":false,"template":"","format":"standard","meta":{"episode_type":"","audio_file":"","cover_image":"","cover_image_id":"","duration":"","filesize":"","date_recorded":"","explicit":"","block":"","itunes_episode_number":"","itunes_title":"","itunes_season_number":"","itunes_episode_type":"","filesize_raw":"","footnotes":""},"categories":[16],"tags":[],"group":[],"support":[],"class_list":["post-1700015","post","type-post","status-publish","format-standard","has-post-thumbnail","hentry","category-a-la-une"],"yoast_head":"<!-- This site is optimized with the Yoast SEO plugin v24.0 - https:\/\/yoast.com\/wordpress\/plugins\/seo\/ -->\n<title>Comment bien pr\u00e9parer ses vacances sans stresser ? - MyZen TV<\/title>\n<meta name=\"description\" content=\"Alors comment pr\u00e9parer ses vacances sans stresser ? Rassurez-vous, MyZen TV vous donne quelques astuces pour partir sereinement.\" \/>\n<meta name=\"robots\" content=\"index, follow, max-snippet:-1, max-image-preview:large, max-video-preview:-1\" \/>\n<link rel=\"canonical\" href=\"https:\/\/www.myzen.tv\/fr\/comment-bien-preparer-ses-vacances-sans-stresser\/\" \/>\n<meta property=\"og:locale\" content=\"fr_FR\" \/>\n<meta property=\"og:type\" content=\"article\" \/>\n<meta property=\"og:title\" content=\"Comment bien pr\u00e9parer ses vacances sans stresser ? - MyZen TV\" \/>\n<meta property=\"og:description\" content=\"Alors comment pr\u00e9parer ses vacances sans stresser ? Rassurez-vous, MyZen TV vous donne quelques astuces pour partir sereinement.\" \/>\n<meta property=\"og:url\" content=\"https:\/\/www.myzen.tv\/fr\/comment-bien-preparer-ses-vacances-sans-stresser\/\" \/>\n<meta property=\"og:site_name\" content=\"MyZen TV\" \/>\n<meta property=\"article:publisher\" content=\"https:\/\/www.facebook.com\/myzen.tv.fr\/\" \/>\n<meta property=\"article:published_time\" content=\"2023-06-17T08:00:00+00:00\" \/>\n<meta property=\"article:modified_time\" content=\"2023-06-09T14:29:56+00:00\" \/>\n<meta property=\"og:image\" content=\"https:\/\/www.myzen.tv\/wp-content\/uploads\/2023\/05\/Comment-bien-pre\u0301parer-ses-vacances-sans-stresser-_-1-1024x576.png\" \/>\n\t<meta property=\"og:image:width\" content=\"1024\" \/>\n\t<meta property=\"og:image:height\" content=\"576\" \/>\n\t<meta property=\"og:image:type\" content=\"image\/png\" \/>\n<meta name=\"author\" content=\"Gilles Farina\" \/>\n<meta name=\"twitter:card\" content=\"summary_large_image\" \/>\n<meta name=\"twitter:label1\" content=\"\u00c9crit par\" \/>\n\t<meta name=\"twitter:data1\" content=\"Gilles Farina\" \/>\n\t<meta name=\"twitter:label2\" content=\"Dur\u00e9e de lecture estim\u00e9e\" \/>\n\t<meta name=\"twitter:data2\" content=\"3 minutes\" \/>\n<!-- \/ Yoast SEO plugin. -->","yoast_head_json":{"title":"Comment bien pr\u00e9parer ses vacances sans stresser ? - MyZen TV","description":"Alors comment pr\u00e9parer ses vacances sans stresser ? Rassurez-vous, MyZen TV vous donne quelques astuces pour partir sereinement.","robots":{"index":"index","follow":"follow","max-snippet":"max-snippet:-1","max-image-preview":"max-image-preview:large","max-video-preview":"max-video-preview:-1"},"canonical":"https:\/\/www.myzen.tv\/fr\/comment-bien-preparer-ses-vacances-sans-stresser\/","og_locale":"fr_FR","og_type":"article","og_title":"Comment bien pr\u00e9parer ses vacances sans stresser ? - MyZen TV","og_description":"Alors comment pr\u00e9parer ses vacances sans stresser ? Rassurez-vous, MyZen TV vous donne quelques astuces pour partir sereinement.","og_url":"https:\/\/www.myzen.tv\/fr\/comment-bien-preparer-ses-vacances-sans-stresser\/","og_site_name":"MyZen TV","article_publisher":"https:\/\/www.facebook.com\/myzen.tv.fr\/","article_published_time":"2023-06-17T08:00:00+00:00","article_modified_time":"2023-06-09T14:29:56+00:00","og_image":[{"width":1024,"height":576,"url":"https:\/\/www.myzen.tv\/wp-content\/uploads\/2023\/05\/Comment-bien-pre\u0301parer-ses-vacances-sans-stresser-_-1-1024x576.png","type":"image\/png"}],"author":"Gilles Farina","twitter_card":"summary_large_image","twitter_misc":{"\u00c9crit par":"Gilles Farina","Dur\u00e9e de lecture estim\u00e9e":"3 minutes"},"schema":{"@context":"https:\/\/schema.org","@graph":[{"@type":"Article","@id":"https:\/\/www.myzen.tv\/fr\/comment-bien-preparer-ses-vacances-sans-stresser\/#article","isPartOf":{"@id":"https:\/\/www.myzen.tv\/fr\/comment-bien-preparer-ses-vacances-sans-stresser\/"},"author":{"name":"Gilles Farina","@id":"https:\/\/www.myzen.tv\/fr\/#\/schema\/person\/978a9e7addfdccd3326847815bc2aca6"},"headline":"Comment bien pr\u00e9parer ses vacances sans stresser ?","datePublished":"2023-06-17T08:00:00+00:00","dateModified":"2023-06-09T14:29:56+00:00","mainEntityOfPage":{"@id":"https:\/\/www.myzen.tv\/fr\/comment-bien-preparer-ses-vacances-sans-stresser\/"},"wordCount":525,"publisher":{"@id":"https:\/\/www.myzen.tv\/fr\/#organization"},"image":{"@id":"https:\/\/www.myzen.tv\/fr\/comment-bien-preparer-ses-vacances-sans-stresser\/#primaryimage"},"thumbnailUrl":"https:\/\/www.myzen.tv\/wp-content\/uploads\/2023\/05\/Comment-bien-pre\u0301parer-ses-vacances-sans-stresser-_-1.png","articleSection":["A la une"],"inLanguage":"fr-FR"},{"@type":"WebPage","@id":"https:\/\/www.myzen.tv\/fr\/comment-bien-preparer-ses-vacances-sans-stresser\/","url":"https:\/\/www.myzen.tv\/fr\/comment-bien-preparer-ses-vacances-sans-stresser\/","name":"Comment bien pr\u00e9parer ses vacances sans stresser ? - MyZen TV","isPartOf":{"@id":"https:\/\/www.myzen.tv\/fr\/#website"},"primaryImageOfPage":{"@id":"https:\/\/www.myzen.tv\/fr\/comment-bien-preparer-ses-vacances-sans-stresser\/#primaryimage"},"image":{"@id":"https:\/\/www.myzen.tv\/fr\/comment-bien-preparer-ses-vacances-sans-stresser\/#primaryimage"},"thumbnailUrl":"https:\/\/www.myzen.tv\/wp-content\/uploads\/2023\/05\/Comment-bien-pre\u0301parer-ses-vacances-sans-stresser-_-1.png","datePublished":"2023-06-17T08:00:00+00:00","dateModified":"2023-06-09T14:29:56+00:00","description":"Alors comment pr\u00e9parer ses vacances sans stresser ? Rassurez-vous, MyZen TV vous donne quelques astuces pour partir sereinement.","breadcrumb":{"@id":"https:\/\/www.myzen.tv\/fr\/comment-bien-preparer-ses-vacances-sans-stresser\/#breadcrumb"},"inLanguage":"fr-FR","potentialAction":[{"@type":"ReadAction","target":["https:\/\/www.myzen.tv\/fr\/comment-bien-preparer-ses-vacances-sans-stresser\/"]}]},{"@type":"ImageObject","inLanguage":"fr-FR","@id":"https:\/\/www.myzen.tv\/fr\/comment-bien-preparer-ses-vacances-sans-stresser\/#primaryimage","url":"https:\/\/www.myzen.tv\/wp-content\/uploads\/2023\/05\/Comment-bien-pre\u0301parer-ses-vacances-sans-stresser-_-1.png","contentUrl":"https:\/\/www.myzen.tv\/wp-content\/uploads\/2023\/05\/Comment-bien-pre\u0301parer-ses-vacances-sans-stresser-_-1.png","width":1920,"height":1080,"caption":"Comment bien pr\u00e9parer ses vacances sans stresser ?"},{"@type":"BreadcrumbList","@id":"https:\/\/www.myzen.tv\/fr\/comment-bien-preparer-ses-vacances-sans-stresser\/#breadcrumb","itemListElement":[{"@type":"ListItem","position":1,"name":"Home","item":"https:\/\/www.myzen.tv\/fr\/"},{"@type":"ListItem","position":2,"name":"Comment bien pr\u00e9parer ses vacances sans stresser ?"}]},{"@type":"WebSite","@id":"https:\/\/www.myzen.tv\/fr\/#website","url":"https:\/\/www.myzen.tv\/fr\/","name":"MyZen TV","description":"Your lifestyle and well-being channel","publisher":{"@id":"https:\/\/www.myzen.tv\/fr\/#organization"},"potentialAction":[{"@type":"SearchAction","target":{"@type":"EntryPoint","urlTemplate":"https:\/\/www.myzen.tv\/fr\/?s={search_term_string}"},"query-input":{"@type":"PropertyValueSpecification","valueRequired":true,"valueName":"search_term_string"}}],"inLanguage":"fr-FR"},{"@type":"Organization","@id":"https:\/\/www.myzen.tv\/fr\/#organization","name":"MyZen TV","url":"https:\/\/www.myzen.tv\/fr\/","logo":{"@type":"ImageObject","inLanguage":"fr-FR","@id":"https:\/\/www.myzen.tv\/fr\/#\/schema\/logo\/image\/","url":"https:\/\/www.myzen.tv\/wp-content\/uploads\/2021\/05\/cropped-ICON_MZtv-LOGO_firetv640-1-1.png","contentUrl":"https:\/\/www.myzen.tv\/wp-content\/uploads\/2021\/05\/cropped-ICON_MZtv-LOGO_firetv640-1-1.png","width":512,"height":512,"caption":"MyZen TV"},"image":{"@id":"https:\/\/www.myzen.tv\/fr\/#\/schema\/logo\/image\/"},"sameAs":["https:\/\/www.facebook.com\/myzen.tv.fr\/","https:\/\/www.instagram.com\/myzentv\/"]},{"@type":"Person","@id":"https:\/\/www.myzen.tv\/fr\/#\/schema\/person\/978a9e7addfdccd3326847815bc2aca6","name":"Gilles Farina","url":"https:\/\/www.myzen.tv\/fr\/author\/giles-farina\/"}]}},"_links":{"self":[{"href":"https:\/\/www.myzen.tv\/fr\/wp-json\/wp\/v2\/posts\/1700015","targetHints":{"allow":["GET"]}}],"collection":[{"href":"https:\/\/www.myzen.tv\/fr\/wp-json\/wp\/v2\/posts"}],"about":[{"href":"https:\/\/www.myzen.tv\/fr\/wp-json\/wp\/v2\/types\/post"}],"author":[{"embeddable":true,"href":"https:\/\/www.myzen.tv\/fr\/wp-json\/wp\/v2\/users\/13"}],"replies":[{"embeddable":true,"href":"https:\/\/www.myzen.tv\/fr\/wp-json\/wp\/v2\/comments?post=1700015"}],"version-history":[{"count":2,"href":"https:\/\/www.myzen.tv\/fr\/wp-json\/wp\/v2\/posts\/1700015\/revisions"}],"predecessor-version":[{"id":1700096,"href":"https:\/\/www.myzen.tv\/fr\/wp-json\/wp\/v2\/posts\/1700015\/revisions\/1700096"}],"wp:featuredmedia":[{"embeddable":true,"href":"https:\/\/www.myzen.tv\/fr\/wp-json\/wp\/v2\/media\/1700026"}],"wp:attachment":[{"href":"https:\/\/www.myzen.tv\/fr\/wp-json\/wp\/v2\/media?parent=1700015"}],"wp:term":[{"taxonomy":"category","embeddable":true,"href":"https:\/\/www.myzen.tv\/fr\/wp-json\/wp\/v2\/categories?post=1700015"},{"taxonomy":"post_tag","embeddable":true,"href":"https:\/\/www.myzen.tv\/fr\/wp-json\/wp\/v2\/tags?post=1700015"},{"taxonomy":"group","embeddable":true,"href":"https:\/\/www.myzen.tv\/fr\/wp-json\/wp\/v2\/group?post=1700015"},{"taxonomy":"support","embeddable":true,"href":"https:\/\/www.myzen.tv\/fr\/wp-json\/wp\/v2\/support?post=1700015"}],"curies":[{"name":"wp","href":"https:\/\/api.w.org\/{rel}","templated":true}]}}