{"id":1700524,"date":"2023-06-29T08:00:00","date_gmt":"2023-06-29T08:00:00","guid":{"rendered":"https:\/\/www.myzen.tv\/?p=1700524"},"modified":"2023-06-28T14:50:12","modified_gmt":"2023-06-28T14:50:12","slug":"la-chataigne-sous-toutes-ses-formes","status":"publish","type":"post","link":"https:\/\/www.myzen.tv\/fr\/la-chataigne-sous-toutes-ses-formes\/","title":{"rendered":"La ch\u00e2taigne sous toutes ses formes !"},"content":{"rendered":"\n<p><strong>La ch\u00e2taigne est un produit embl\u00e9matique de notre terroir<\/strong>. Son parfum subtil et all\u00e9chant est reconnaissable de tous sur les tables de No\u00ebl. Qu&rsquo;on la mange fra\u00eeche, en farce ou en dessert, ce fruit \u00e0 la coque nous r\u00e9gale sous toutes ses formes. En France, on la cultive dans cinq r\u00e9gions : l&rsquo;Ard\u00e8che, les C\u00e9vennes, le Var, la Corse et le Sud-Ouest. Partons \u00e0 la d\u00e9couverte de ce fruit \u00ab gastronomique \u00bb.<\/p>\n\n\n\n<h2 class=\"wp-block-heading\">Le ch\u00e2taignier ou l&rsquo;arbre \u00e0 pain<\/h2>\n\n\n\n<figure class=\"wp-block-image size-large\"><img loading=\"lazy\" decoding=\"async\" width=\"1024\" height=\"576\" src=\"https:\/\/www.myzen.tv\/wp-content\/uploads\/2023\/06\/Le-cha\u0302taignier-ou-larbre-a\u0300-pain-1-1024x576.png\" alt=\"Le ch\u00e2taignier ou l&#039;arbre \u00e0 pain\" class=\"wp-image-1700527\" srcset=\"https:\/\/www.myzen.tv\/wp-content\/uploads\/2023\/06\/Le-cha\u0302taignier-ou-larbre-a\u0300-pain-1-1024x576.png 1024w, https:\/\/www.myzen.tv\/wp-content\/uploads\/2023\/06\/Le-cha\u0302taignier-ou-larbre-a\u0300-pain-1-300x169.png 300w, https:\/\/www.myzen.tv\/wp-content\/uploads\/2023\/06\/Le-cha\u0302taignier-ou-larbre-a\u0300-pain-1-768x432.png 768w, https:\/\/www.myzen.tv\/wp-content\/uploads\/2023\/06\/Le-cha\u0302taignier-ou-larbre-a\u0300-pain-1-1536x864.png 1536w, https:\/\/www.myzen.tv\/wp-content\/uploads\/2023\/06\/Le-cha\u0302taignier-ou-larbre-a\u0300-pain-1-320x180.png 320w, https:\/\/www.myzen.tv\/wp-content\/uploads\/2023\/06\/Le-cha\u0302taignier-ou-larbre-a\u0300-pain-1-235x132.png 235w, https:\/\/www.myzen.tv\/wp-content\/uploads\/2023\/06\/Le-cha\u0302taignier-ou-larbre-a\u0300-pain-1-540x304.png 540w, https:\/\/www.myzen.tv\/wp-content\/uploads\/2023\/06\/Le-cha\u0302taignier-ou-larbre-a\u0300-pain-1.png 1920w\" sizes=\"auto, (max-width: 1024px) 100vw, 1024px\" \/><\/figure>\n\n\n\n<p>Pendant des si\u00e8cles, le ch\u00e2taignier \u00e9tait surnomm\u00e9 \u00ab l&rsquo;arbre \u00e0 pain \u00bb. En effet, ses fruits ont permis de sauver de nombreuses familles d\u00e9munies de la faim. Souvenons-nous des p\u00e9riodes de famine dans les C\u00e9vennes ou en Corse. Riche en sucres lents, la farine de ch\u00e2taigne est un excellent moyen de faire le plein d&rsquo;\u00e9nergie quand le bl\u00e9 venait \u00e0 manquer. N&rsquo;oublions pas \u00e9galement que les cochons sauvages raffolent des ch\u00e2taignes. Planter ces arbres est donc un excellent moyen de les attirer&#8230;<\/p>\n\n\n\n<h2 class=\"wp-block-heading\">La star des ch\u00e2taignes : l&rsquo;ard\u00e9choise <\/h2>\n\n\n\n<figure class=\"wp-block-image size-large\"><img loading=\"lazy\" decoding=\"async\" width=\"1024\" height=\"576\" src=\"https:\/\/www.myzen.tv\/wp-content\/uploads\/2023\/06\/La-star-des-cha\u0302taignes-_-larde\u0301choise-1-1024x576.png\" alt=\"La star des ch\u00e2taignes : l&#039;ard\u00e9choise \" class=\"wp-image-1700529\" srcset=\"https:\/\/www.myzen.tv\/wp-content\/uploads\/2023\/06\/La-star-des-cha\u0302taignes-_-larde\u0301choise-1-1024x576.png 1024w, https:\/\/www.myzen.tv\/wp-content\/uploads\/2023\/06\/La-star-des-cha\u0302taignes-_-larde\u0301choise-1-300x169.png 300w, https:\/\/www.myzen.tv\/wp-content\/uploads\/2023\/06\/La-star-des-cha\u0302taignes-_-larde\u0301choise-1-768x432.png 768w, https:\/\/www.myzen.tv\/wp-content\/uploads\/2023\/06\/La-star-des-cha\u0302taignes-_-larde\u0301choise-1-1536x864.png 1536w, https:\/\/www.myzen.tv\/wp-content\/uploads\/2023\/06\/La-star-des-cha\u0302taignes-_-larde\u0301choise-1-320x180.png 320w, https:\/\/www.myzen.tv\/wp-content\/uploads\/2023\/06\/La-star-des-cha\u0302taignes-_-larde\u0301choise-1-235x132.png 235w, https:\/\/www.myzen.tv\/wp-content\/uploads\/2023\/06\/La-star-des-cha\u0302taignes-_-larde\u0301choise-1-540x304.png 540w, https:\/\/www.myzen.tv\/wp-content\/uploads\/2023\/06\/La-star-des-cha\u0302taignes-_-larde\u0301choise-1.png 1920w\" sizes=\"auto, (max-width: 1024px) 100vw, 1024px\" \/><\/figure>\n\n\n\n<p>L&rsquo;Ard\u00e8che est la seule r\u00e9gion en France \u00e0 b\u00e9n\u00e9ficier d&rsquo;une AOC, ce qui ravit nos compatriotes corses&#8230; Quoi qu&rsquo;il en soit, les fruits et la farine de ch\u00e2taigne de la r\u00e9gion de Jean Ferrat repr\u00e9sentent 45% de la production fran\u00e7aise.<\/p>\n\n\n\n<p>Ainsi, pour b\u00e9n\u00e9ficier de la c\u00e9l\u00e8bre appellation, toutes les \u00e9tapes de production et de transformation de cette ch\u00e2taigne doivent se d\u00e9rouler dans une aire g\u00e9ographique pr\u00e9cise, selon des m\u00e9thodes traditionnelles. Si vous aimez la ch\u00e2taigne, sachez que les producteurs ard\u00e9chois cultivent cinq vari\u00e9t\u00e9s : l&rsquo;aguyane, la sardonne, la comballe, la merle et la bouche-rouge.<\/p>\n\n\n\n<p>Petit conseil : privil\u00e9giez la bouche-rouge pour vos recettes de marrons glac\u00e9s ! <\/p>\n\n\n\n<h2 class=\"wp-block-heading\">Milles recettes<\/h2>\n\n\n\n<figure class=\"wp-block-image size-large\"><img loading=\"lazy\" decoding=\"async\" width=\"1024\" height=\"576\" src=\"https:\/\/www.myzen.tv\/wp-content\/uploads\/2023\/06\/La-cha\u0302taigne-sous-toutes-ses-formes-1-1024x576.png\" alt=\"\" class=\"wp-image-1700525\" srcset=\"https:\/\/www.myzen.tv\/wp-content\/uploads\/2023\/06\/La-cha\u0302taigne-sous-toutes-ses-formes-1-1024x576.png 1024w, https:\/\/www.myzen.tv\/wp-content\/uploads\/2023\/06\/La-cha\u0302taigne-sous-toutes-ses-formes-1-300x169.png 300w, https:\/\/www.myzen.tv\/wp-content\/uploads\/2023\/06\/La-cha\u0302taigne-sous-toutes-ses-formes-1-768x432.png 768w, https:\/\/www.myzen.tv\/wp-content\/uploads\/2023\/06\/La-cha\u0302taigne-sous-toutes-ses-formes-1-1536x864.png 1536w, https:\/\/www.myzen.tv\/wp-content\/uploads\/2023\/06\/La-cha\u0302taigne-sous-toutes-ses-formes-1-320x180.png 320w, https:\/\/www.myzen.tv\/wp-content\/uploads\/2023\/06\/La-cha\u0302taigne-sous-toutes-ses-formes-1-235x132.png 235w, https:\/\/www.myzen.tv\/wp-content\/uploads\/2023\/06\/La-cha\u0302taigne-sous-toutes-ses-formes-1-540x304.png 540w, https:\/\/www.myzen.tv\/wp-content\/uploads\/2023\/06\/La-cha\u0302taigne-sous-toutes-ses-formes-1.png 1920w\" sizes=\"auto, (max-width: 1024px) 100vw, 1024px\" \/><\/figure>\n\n\n\n<p>Pour d\u00e9couvrir les recettes de marrons glac\u00e9s, de b\u00fbches, de cr\u00e8mes de marrons, de farine de ch\u00e2taignes ou une multitude de pr\u00e9paration, rendez-vous sur notre <a href=\"https:\/\/watch.myzen.tv\/\" target=\"_blank\" rel=\"noreferrer noopener\">plateforme de streaming<\/a> pour y d\u00e9couvrir un \u00e9pisode consacr\u00e9 dans les <a href=\"https:\/\/www.myzen.tv\/fr\/program\/episode\/13528-la-route-des-chataignes-s00-e09\">Carnets de Julie<\/a>.<\/p>\n","protected":false},"excerpt":{"rendered":"<p>La ch\u00e2taigne est un produit embl\u00e9matique de notre terroir. Son parfum subtil et all\u00e9chant est reconnaissable de tous sur les tables de No\u00ebl. Qu&rsquo;on la mange fra\u00eeche, en farce ou en dessert, ce fruit \u00e0 la coque nous r\u00e9gale sous toutes ses formes. En France, on la cultive dans cinq r\u00e9gions : l&rsquo;Ard\u00e8che, les C\u00e9vennes, [&hellip;]<\/p>\n","protected":false},"author":13,"featured_media":1700531,"comment_status":"closed","ping_status":"closed","sticky":false,"template":"","format":"standard","meta":{"episode_type":"","audio_file":"","cover_image":"","cover_image_id":"","duration":"","filesize":"","date_recorded":"","explicit":"","block":"","itunes_episode_number":"","itunes_title":"","itunes_season_number":"","itunes_episode_type":"","filesize_raw":"","footnotes":""},"categories":[16],"tags":[],"group":[],"support":[],"class_list":["post-1700524","post","type-post","status-publish","format-standard","has-post-thumbnail","hentry","category-a-la-une"],"yoast_head":"<!-- This site is optimized with the Yoast SEO plugin v24.0 - https:\/\/yoast.com\/wordpress\/plugins\/seo\/ -->\n<title>La ch\u00e2taigne sous toutes ses formes ! - MyZen TV<\/title>\n<meta name=\"description\" content=\"En France, on la cultive dans cinq r\u00e9gions : l&#039;Ard\u00e8che, les C\u00e9vennes, le Var, la Corse et le Sud-Ouest. D\u00e9couvrons la ch\u00e2taigne !\" \/>\n<meta name=\"robots\" content=\"index, follow, max-snippet:-1, max-image-preview:large, max-video-preview:-1\" \/>\n<link rel=\"canonical\" href=\"https:\/\/www.myzen.tv\/fr\/la-chataigne-sous-toutes-ses-formes\/\" \/>\n<meta property=\"og:locale\" content=\"fr_FR\" \/>\n<meta property=\"og:type\" content=\"article\" \/>\n<meta property=\"og:title\" content=\"La ch\u00e2taigne sous toutes ses formes ! - MyZen TV\" \/>\n<meta property=\"og:description\" content=\"En France, on la cultive dans cinq r\u00e9gions : l&#039;Ard\u00e8che, les C\u00e9vennes, le Var, la Corse et le Sud-Ouest. D\u00e9couvrons la ch\u00e2taigne !\" \/>\n<meta property=\"og:url\" content=\"https:\/\/www.myzen.tv\/fr\/la-chataigne-sous-toutes-ses-formes\/\" \/>\n<meta property=\"og:site_name\" content=\"MyZen TV\" \/>\n<meta property=\"article:publisher\" content=\"https:\/\/www.facebook.com\/myzen.tv.fr\/\" \/>\n<meta property=\"article:published_time\" content=\"2023-06-29T08:00:00+00:00\" \/>\n<meta property=\"article:modified_time\" content=\"2023-06-28T14:50:12+00:00\" \/>\n<meta property=\"og:image\" content=\"https:\/\/www.myzen.tv\/wp-content\/uploads\/2023\/06\/La-cha\u0302taigne-sous-toutes-ses-formes-1-1-1024x576.png\" \/>\n\t<meta property=\"og:image:width\" content=\"1024\" \/>\n\t<meta property=\"og:image:height\" content=\"576\" \/>\n\t<meta property=\"og:image:type\" content=\"image\/png\" \/>\n<meta name=\"author\" content=\"Gilles Farina\" \/>\n<meta name=\"twitter:card\" content=\"summary_large_image\" \/>\n<meta name=\"twitter:label1\" content=\"\u00c9crit par\" \/>\n\t<meta name=\"twitter:data1\" content=\"Gilles Farina\" \/>\n\t<meta name=\"twitter:label2\" content=\"Dur\u00e9e de lecture estim\u00e9e\" \/>\n\t<meta name=\"twitter:data2\" content=\"2 minutes\" \/>\n<!-- \/ Yoast SEO plugin. -->","yoast_head_json":{"title":"La ch\u00e2taigne sous toutes ses formes ! - MyZen TV","description":"En France, on la cultive dans cinq r\u00e9gions : l'Ard\u00e8che, les C\u00e9vennes, le Var, la Corse et le Sud-Ouest. D\u00e9couvrons la ch\u00e2taigne !","robots":{"index":"index","follow":"follow","max-snippet":"max-snippet:-1","max-image-preview":"max-image-preview:large","max-video-preview":"max-video-preview:-1"},"canonical":"https:\/\/www.myzen.tv\/fr\/la-chataigne-sous-toutes-ses-formes\/","og_locale":"fr_FR","og_type":"article","og_title":"La ch\u00e2taigne sous toutes ses formes ! - MyZen TV","og_description":"En France, on la cultive dans cinq r\u00e9gions : l'Ard\u00e8che, les C\u00e9vennes, le Var, la Corse et le Sud-Ouest. D\u00e9couvrons la ch\u00e2taigne !","og_url":"https:\/\/www.myzen.tv\/fr\/la-chataigne-sous-toutes-ses-formes\/","og_site_name":"MyZen TV","article_publisher":"https:\/\/www.facebook.com\/myzen.tv.fr\/","article_published_time":"2023-06-29T08:00:00+00:00","article_modified_time":"2023-06-28T14:50:12+00:00","og_image":[{"width":1024,"height":576,"url":"https:\/\/www.myzen.tv\/wp-content\/uploads\/2023\/06\/La-cha\u0302taigne-sous-toutes-ses-formes-1-1-1024x576.png","type":"image\/png"}],"author":"Gilles Farina","twitter_card":"summary_large_image","twitter_misc":{"\u00c9crit par":"Gilles Farina","Dur\u00e9e de lecture estim\u00e9e":"2 minutes"},"schema":{"@context":"https:\/\/schema.org","@graph":[{"@type":"Article","@id":"https:\/\/www.myzen.tv\/fr\/la-chataigne-sous-toutes-ses-formes\/#article","isPartOf":{"@id":"https:\/\/www.myzen.tv\/fr\/la-chataigne-sous-toutes-ses-formes\/"},"author":{"name":"Gilles Farina","@id":"https:\/\/www.myzen.tv\/fr\/#\/schema\/person\/978a9e7addfdccd3326847815bc2aca6"},"headline":"La ch\u00e2taigne sous toutes ses formes !","datePublished":"2023-06-29T08:00:00+00:00","dateModified":"2023-06-28T14:50:12+00:00","mainEntityOfPage":{"@id":"https:\/\/www.myzen.tv\/fr\/la-chataigne-sous-toutes-ses-formes\/"},"wordCount":356,"publisher":{"@id":"https:\/\/www.myzen.tv\/fr\/#organization"},"image":{"@id":"https:\/\/www.myzen.tv\/fr\/la-chataigne-sous-toutes-ses-formes\/#primaryimage"},"thumbnailUrl":"https:\/\/www.myzen.tv\/wp-content\/uploads\/2023\/06\/La-cha\u0302taigne-sous-toutes-ses-formes-1-1.png","articleSection":["A la une"],"inLanguage":"fr-FR"},{"@type":"WebPage","@id":"https:\/\/www.myzen.tv\/fr\/la-chataigne-sous-toutes-ses-formes\/","url":"https:\/\/www.myzen.tv\/fr\/la-chataigne-sous-toutes-ses-formes\/","name":"La ch\u00e2taigne sous toutes ses formes ! - MyZen TV","isPartOf":{"@id":"https:\/\/www.myzen.tv\/fr\/#website"},"primaryImageOfPage":{"@id":"https:\/\/www.myzen.tv\/fr\/la-chataigne-sous-toutes-ses-formes\/#primaryimage"},"image":{"@id":"https:\/\/www.myzen.tv\/fr\/la-chataigne-sous-toutes-ses-formes\/#primaryimage"},"thumbnailUrl":"https:\/\/www.myzen.tv\/wp-content\/uploads\/2023\/06\/La-cha\u0302taigne-sous-toutes-ses-formes-1-1.png","datePublished":"2023-06-29T08:00:00+00:00","dateModified":"2023-06-28T14:50:12+00:00","description":"En France, on la cultive dans cinq r\u00e9gions : l'Ard\u00e8che, les C\u00e9vennes, le Var, la Corse et le Sud-Ouest. D\u00e9couvrons la ch\u00e2taigne !","breadcrumb":{"@id":"https:\/\/www.myzen.tv\/fr\/la-chataigne-sous-toutes-ses-formes\/#breadcrumb"},"inLanguage":"fr-FR","potentialAction":[{"@type":"ReadAction","target":["https:\/\/www.myzen.tv\/fr\/la-chataigne-sous-toutes-ses-formes\/"]}]},{"@type":"ImageObject","inLanguage":"fr-FR","@id":"https:\/\/www.myzen.tv\/fr\/la-chataigne-sous-toutes-ses-formes\/#primaryimage","url":"https:\/\/www.myzen.tv\/wp-content\/uploads\/2023\/06\/La-cha\u0302taigne-sous-toutes-ses-formes-1-1.png","contentUrl":"https:\/\/www.myzen.tv\/wp-content\/uploads\/2023\/06\/La-cha\u0302taigne-sous-toutes-ses-formes-1-1.png","width":1920,"height":1080,"caption":"La ch\u00e2taigne sous toutes ses formes !"},{"@type":"BreadcrumbList","@id":"https:\/\/www.myzen.tv\/fr\/la-chataigne-sous-toutes-ses-formes\/#breadcrumb","itemListElement":[{"@type":"ListItem","position":1,"name":"Home","item":"https:\/\/www.myzen.tv\/fr\/"},{"@type":"ListItem","position":2,"name":"La ch\u00e2taigne sous toutes ses formes !"}]},{"@type":"WebSite","@id":"https:\/\/www.myzen.tv\/fr\/#website","url":"https:\/\/www.myzen.tv\/fr\/","name":"MyZen TV","description":"Your lifestyle and well-being channel","publisher":{"@id":"https:\/\/www.myzen.tv\/fr\/#organization"},"potentialAction":[{"@type":"SearchAction","target":{"@type":"EntryPoint","urlTemplate":"https:\/\/www.myzen.tv\/fr\/?s={search_term_string}"},"query-input":{"@type":"PropertyValueSpecification","valueRequired":true,"valueName":"search_term_string"}}],"inLanguage":"fr-FR"},{"@type":"Organization","@id":"https:\/\/www.myzen.tv\/fr\/#organization","name":"MyZen TV","url":"https:\/\/www.myzen.tv\/fr\/","logo":{"@type":"ImageObject","inLanguage":"fr-FR","@id":"https:\/\/www.myzen.tv\/fr\/#\/schema\/logo\/image\/","url":"https:\/\/www.myzen.tv\/wp-content\/uploads\/2021\/05\/cropped-ICON_MZtv-LOGO_firetv640-1-1.png","contentUrl":"https:\/\/www.myzen.tv\/wp-content\/uploads\/2021\/05\/cropped-ICON_MZtv-LOGO_firetv640-1-1.png","width":512,"height":512,"caption":"MyZen TV"},"image":{"@id":"https:\/\/www.myzen.tv\/fr\/#\/schema\/logo\/image\/"},"sameAs":["https:\/\/www.facebook.com\/myzen.tv.fr\/","https:\/\/www.instagram.com\/myzentv\/"]},{"@type":"Person","@id":"https:\/\/www.myzen.tv\/fr\/#\/schema\/person\/978a9e7addfdccd3326847815bc2aca6","name":"Gilles Farina","url":"https:\/\/www.myzen.tv\/fr\/author\/giles-farina\/"}]}},"_links":{"self":[{"href":"https:\/\/www.myzen.tv\/fr\/wp-json\/wp\/v2\/posts\/1700524","targetHints":{"allow":["GET"]}}],"collection":[{"href":"https:\/\/www.myzen.tv\/fr\/wp-json\/wp\/v2\/posts"}],"about":[{"href":"https:\/\/www.myzen.tv\/fr\/wp-json\/wp\/v2\/types\/post"}],"author":[{"embeddable":true,"href":"https:\/\/www.myzen.tv\/fr\/wp-json\/wp\/v2\/users\/13"}],"replies":[{"embeddable":true,"href":"https:\/\/www.myzen.tv\/fr\/wp-json\/wp\/v2\/comments?post=1700524"}],"version-history":[{"count":2,"href":"https:\/\/www.myzen.tv\/fr\/wp-json\/wp\/v2\/posts\/1700524\/revisions"}],"predecessor-version":[{"id":1700582,"href":"https:\/\/www.myzen.tv\/fr\/wp-json\/wp\/v2\/posts\/1700524\/revisions\/1700582"}],"wp:featuredmedia":[{"embeddable":true,"href":"https:\/\/www.myzen.tv\/fr\/wp-json\/wp\/v2\/media\/1700531"}],"wp:attachment":[{"href":"https:\/\/www.myzen.tv\/fr\/wp-json\/wp\/v2\/media?parent=1700524"}],"wp:term":[{"taxonomy":"category","embeddable":true,"href":"https:\/\/www.myzen.tv\/fr\/wp-json\/wp\/v2\/categories?post=1700524"},{"taxonomy":"post_tag","embeddable":true,"href":"https:\/\/www.myzen.tv\/fr\/wp-json\/wp\/v2\/tags?post=1700524"},{"taxonomy":"group","embeddable":true,"href":"https:\/\/www.myzen.tv\/fr\/wp-json\/wp\/v2\/group?post=1700524"},{"taxonomy":"support","embeddable":true,"href":"https:\/\/www.myzen.tv\/fr\/wp-json\/wp\/v2\/support?post=1700524"}],"curies":[{"name":"wp","href":"https:\/\/api.w.org\/{rel}","templated":true}]}}