{"id":1701431,"date":"2023-08-30T08:00:00","date_gmt":"2023-08-30T08:00:00","guid":{"rendered":"https:\/\/www.myzen.tv\/?p=1701431"},"modified":"2023-08-17T12:44:56","modified_gmt":"2023-08-17T12:44:56","slug":"ou-voyager-en-septembre","status":"publish","type":"post","link":"https:\/\/www.myzen.tv\/fr\/ou-voyager-en-septembre\/","title":{"rendered":"O\u00f9 voyager en septembre\u00a0?"},"content":{"rendered":"\n<p>\u00ab <em>Les oliviers baissent les bras et les raisins rougissent du nez<\/em> \u00bb &#8211; voil\u00e0 en quelques mots comment d\u00e9finir le mois de septembre. En effet, la rentr\u00e9e des enfants annonce pour beaucoup de voyageurs le d\u00e9but d&rsquo;une p\u00e9riode propice \u00e0 la d\u00e9couverte. Les temp\u00e9ratures commencent \u00e0 diminuer tout en restant douces et agr\u00e9ables. Les destinations touristiques se vident progressivement et laissent \u00e0 une autre population de voyageurs la possibilit\u00e9 de d\u00e9couvrir des lieux majestueux. Mais o\u00f9 voyager en septembre ? Aujourd&rsquo;hui, <a href=\"https:\/\/www.myzen.tv\/fr\/\">MyZen TV<\/a> vous propose <strong>5 lieux \u00e0 d\u00e9couvrir en septembre<\/strong>.<\/p>\n\n\n\n<h2 class=\"wp-block-heading\"><strong>Kyoto &#8211; Japon<\/strong><\/h2>\n\n\n\n<figure class=\"wp-block-image size-large\"><img loading=\"lazy\" decoding=\"async\" width=\"1024\" height=\"576\" src=\"https:\/\/www.myzen.tv\/wp-content\/uploads\/2023\/08\/Seras-tu-la\u0300-de-Michel-Berger-une-chanson-de-rupture-1024x576.png\" alt=\"\" class=\"wp-image-1701451\" srcset=\"https:\/\/www.myzen.tv\/wp-content\/uploads\/2023\/08\/Seras-tu-la\u0300-de-Michel-Berger-une-chanson-de-rupture-1024x576.png 1024w, https:\/\/www.myzen.tv\/wp-content\/uploads\/2023\/08\/Seras-tu-la\u0300-de-Michel-Berger-une-chanson-de-rupture-300x169.png 300w, https:\/\/www.myzen.tv\/wp-content\/uploads\/2023\/08\/Seras-tu-la\u0300-de-Michel-Berger-une-chanson-de-rupture-768x432.png 768w, https:\/\/www.myzen.tv\/wp-content\/uploads\/2023\/08\/Seras-tu-la\u0300-de-Michel-Berger-une-chanson-de-rupture-320x180.png 320w, https:\/\/www.myzen.tv\/wp-content\/uploads\/2023\/08\/Seras-tu-la\u0300-de-Michel-Berger-une-chanson-de-rupture-235x132.png 235w, https:\/\/www.myzen.tv\/wp-content\/uploads\/2023\/08\/Seras-tu-la\u0300-de-Michel-Berger-une-chanson-de-rupture-540x304.png 540w, https:\/\/www.myzen.tv\/wp-content\/uploads\/2023\/08\/Seras-tu-la\u0300-de-Michel-Berger-une-chanson-de-rupture.png 1200w\" sizes=\"auto, (max-width: 1024px) 100vw, 1024px\" \/><\/figure>\n\n\n\n<p>L&rsquo;automne au Japon est marqu\u00e9 par la transformation des arbres en une palette de couleurs resplendissantes. \u00c0 Kyoto, par exemple, les temples se parent de ces teintes \u00e9blouissantes, offrant un spectacle visuel unique.<\/p>\n\n\n\n<h2 class=\"wp-block-heading\"><strong>Santorin &#8211; Gr\u00e8ce<\/strong><\/h2>\n\n\n\n<figure class=\"wp-block-image size-large\"><img loading=\"lazy\" decoding=\"async\" width=\"1024\" height=\"576\" src=\"https:\/\/www.myzen.tv\/wp-content\/uploads\/2023\/08\/Ou\u0300-voyager-en-septembre-1-1024x576.png\" alt=\"\" class=\"wp-image-1701455\" srcset=\"https:\/\/www.myzen.tv\/wp-content\/uploads\/2023\/08\/Ou\u0300-voyager-en-septembre-1-1024x576.png 1024w, https:\/\/www.myzen.tv\/wp-content\/uploads\/2023\/08\/Ou\u0300-voyager-en-septembre-1-300x169.png 300w, https:\/\/www.myzen.tv\/wp-content\/uploads\/2023\/08\/Ou\u0300-voyager-en-septembre-1-768x432.png 768w, https:\/\/www.myzen.tv\/wp-content\/uploads\/2023\/08\/Ou\u0300-voyager-en-septembre-1-320x180.png 320w, https:\/\/www.myzen.tv\/wp-content\/uploads\/2023\/08\/Ou\u0300-voyager-en-septembre-1-235x132.png 235w, https:\/\/www.myzen.tv\/wp-content\/uploads\/2023\/08\/Ou\u0300-voyager-en-septembre-1-540x304.png 540w, https:\/\/www.myzen.tv\/wp-content\/uploads\/2023\/08\/Ou\u0300-voyager-en-septembre-1.png 1200w\" sizes=\"auto, (max-width: 1024px) 100vw, 1024px\" \/><\/figure>\n\n\n\n<p>La Gr\u00e8ce est sans aucun doute l&rsquo;une des destinations privil\u00e9gi\u00e9es des touristes. Son climat, sa temp\u00e9rature et ses plages de r\u00eave en font une destination touristique fortement pris\u00e9e. Mais septembre offre une opportunit\u00e9 parfaite pour visiter Santorin, l&rsquo;une des perles de la mer \u00c9g\u00e9e. En effet, les temp\u00e9ratures sont agr\u00e9ables et la foule a laiss\u00e9 la place \u00e0 un autre type de tourisme. L&rsquo;occasion parfaite pour bronzer sur les plages de sable noir.<\/p>\n\n\n\n<h2 class=\"wp-block-heading\"><strong>Toscane &#8211; Italie<\/strong><\/h2>\n\n\n\n<figure class=\"wp-block-image size-large\"><img loading=\"lazy\" decoding=\"async\" width=\"1024\" height=\"576\" src=\"https:\/\/www.myzen.tv\/wp-content\/uploads\/2023\/08\/Ou\u0300-voyager-en-septembre-2-1024x576.png\" alt=\"\" class=\"wp-image-1701459\" srcset=\"https:\/\/www.myzen.tv\/wp-content\/uploads\/2023\/08\/Ou\u0300-voyager-en-septembre-2-1024x576.png 1024w, https:\/\/www.myzen.tv\/wp-content\/uploads\/2023\/08\/Ou\u0300-voyager-en-septembre-2-300x169.png 300w, https:\/\/www.myzen.tv\/wp-content\/uploads\/2023\/08\/Ou\u0300-voyager-en-septembre-2-768x432.png 768w, https:\/\/www.myzen.tv\/wp-content\/uploads\/2023\/08\/Ou\u0300-voyager-en-septembre-2-320x180.png 320w, https:\/\/www.myzen.tv\/wp-content\/uploads\/2023\/08\/Ou\u0300-voyager-en-septembre-2-235x132.png 235w, https:\/\/www.myzen.tv\/wp-content\/uploads\/2023\/08\/Ou\u0300-voyager-en-septembre-2-540x304.png 540w, https:\/\/www.myzen.tv\/wp-content\/uploads\/2023\/08\/Ou\u0300-voyager-en-septembre-2.png 1200w\" sizes=\"auto, (max-width: 1024px) 100vw, 1024px\" \/><\/figure>\n\n\n\n<p>Le romantisme de la Toscane jouit d&rsquo;une r\u00e9putation internationale. En septembre, les temp\u00e9ratures plus douces offrent aux visiteurs l&rsquo;occasion de d\u00e9couvrir une Toscane moins touristique qu&rsquo;en pleine saison. Si vous visitez Florence ou Sienne en fin de mois, vous d\u00e9couvrirez tout le charme de l&rsquo;Italie sans les milliers de touristes qui arpentent la r\u00e9gion. Baladez-vous dans les ruelles pittoresques de San Gimignano ou admirez la magnifique ville de Sienne !<\/p>\n\n\n\n<h2 class=\"wp-block-heading\"><strong>Qu\u00e9bec &#8211; Canada<\/strong><\/h2>\n\n\n\n<figure class=\"wp-block-image size-large\"><img loading=\"lazy\" decoding=\"async\" width=\"1024\" height=\"576\" src=\"https:\/\/www.myzen.tv\/wp-content\/uploads\/2023\/08\/Ou\u0300-voyager-en-septembre-1024x576.png\" alt=\"\" class=\"wp-image-1701457\" srcset=\"https:\/\/www.myzen.tv\/wp-content\/uploads\/2023\/08\/Ou\u0300-voyager-en-septembre-1024x576.png 1024w, https:\/\/www.myzen.tv\/wp-content\/uploads\/2023\/08\/Ou\u0300-voyager-en-septembre-300x169.png 300w, https:\/\/www.myzen.tv\/wp-content\/uploads\/2023\/08\/Ou\u0300-voyager-en-septembre-768x432.png 768w, https:\/\/www.myzen.tv\/wp-content\/uploads\/2023\/08\/Ou\u0300-voyager-en-septembre-320x180.png 320w, https:\/\/www.myzen.tv\/wp-content\/uploads\/2023\/08\/Ou\u0300-voyager-en-septembre-235x132.png 235w, https:\/\/www.myzen.tv\/wp-content\/uploads\/2023\/08\/Ou\u0300-voyager-en-septembre-540x304.png 540w, https:\/\/www.myzen.tv\/wp-content\/uploads\/2023\/08\/Ou\u0300-voyager-en-septembre.png 1200w\" sizes=\"auto, (max-width: 1024px) 100vw, 1024px\" \/><\/figure>\n\n\n\n<p>La ville de Qu\u00e9bec est agr\u00e9able toute l&rsquo;ann\u00e9e. R\u00e9put\u00e9e dans le monde entier pour son cosmopolitisme et son art de vivre, Qu\u00e9bec est une destination id\u00e9ale en septembre. En effet, les arbres commencent \u00e0 rev\u00eatir leur parure rousse, typique du Canada. C&rsquo;est l&rsquo;occasion r\u00eav\u00e9e pour d\u00e9couvrir l&rsquo;\u00e9t\u00e9 indien, l&rsquo;une des plus belles traditions de la r\u00e9gion.<\/p>\n\n\n\n<h2 class=\"wp-block-heading\"><strong>Lisbonne &#8211; Portugal<\/strong><\/h2>\n\n\n\n<figure class=\"wp-block-image size-large\"><img loading=\"lazy\" decoding=\"async\" width=\"1024\" height=\"576\" src=\"https:\/\/www.myzen.tv\/wp-content\/uploads\/2023\/08\/Ou\u0300-voyager-en-septembre-3-1024x576.png\" alt=\"\" class=\"wp-image-1701461\" srcset=\"https:\/\/www.myzen.tv\/wp-content\/uploads\/2023\/08\/Ou\u0300-voyager-en-septembre-3-1024x576.png 1024w, https:\/\/www.myzen.tv\/wp-content\/uploads\/2023\/08\/Ou\u0300-voyager-en-septembre-3-300x169.png 300w, https:\/\/www.myzen.tv\/wp-content\/uploads\/2023\/08\/Ou\u0300-voyager-en-septembre-3-768x432.png 768w, https:\/\/www.myzen.tv\/wp-content\/uploads\/2023\/08\/Ou\u0300-voyager-en-septembre-3-320x180.png 320w, https:\/\/www.myzen.tv\/wp-content\/uploads\/2023\/08\/Ou\u0300-voyager-en-septembre-3-235x132.png 235w, https:\/\/www.myzen.tv\/wp-content\/uploads\/2023\/08\/Ou\u0300-voyager-en-septembre-3-540x304.png 540w, https:\/\/www.myzen.tv\/wp-content\/uploads\/2023\/08\/Ou\u0300-voyager-en-septembre-3.png 1200w\" sizes=\"auto, (max-width: 1024px) 100vw, 1024px\" \/><\/figure>\n\n\n\n<p>Lisbonne en septembre combine le charme de la c\u00f4te \u00e0 des temp\u00e9ratures agr\u00e9ables. Parcourez les rues pav\u00e9es de la vieille ville, montez \u00e0 bord du tramway embl\u00e9matique et savourez des pasteis de nata dans les caf\u00e9s pittoresques. Les plages de sable dor\u00e9 de la c\u00f4te de Cascais sont parfaites pour se d\u00e9tendre.<\/p>\n\n\n\n<p>D\u00e9couvrez notre article consacr\u00e9 \u00e0 <a href=\"https:\/\/www.myzen.tv\/fr\/5-choses-a-voir-a-lisbonne\/\">Lisbonne<\/a>.<\/p>\n\n\n\n<p>Vous l&rsquo;aurez compris, septembre n&rsquo;est pas uniquement le mois de voyage privil\u00e9gi\u00e9 des retrait\u00e9s. Au contraire, il s&rsquo;agit sans aucun doute de l&rsquo;un des mois les plus agr\u00e9ables pour voyager et d\u00e9couvrir les merveilles du monde. Malheureusement, avec le r\u00e9chauffement climatique, le mois d&rsquo;octobre commence \u00e9galement \u00e0 \u00eatre propice pour visiter les destinations du Sud. Alors, voyagez de mani\u00e8re responsable et en harmonie avec la nature.<\/p>\n\n\n\n<p>Vous savez maintenant <strong>o\u00f9 voyager en septembre<\/strong> !<\/p>\n\n\n\n<p>Rendez-vous sur notre <a href=\"https:\/\/watch.myzen.tv\/\" target=\"_blank\" rel=\"noreferrer noopener\">plateforme de streaming<\/a> pour retrouver tous nos conseils voyage.<\/p>\n","protected":false},"excerpt":{"rendered":"<p>\u00ab Les oliviers baissent les bras et les raisins rougissent du nez \u00bb &#8211; voil\u00e0 en quelques mots comment d\u00e9finir le mois de septembre. En effet, la rentr\u00e9e des enfants annonce pour beaucoup de voyageurs le d\u00e9but d&rsquo;une p\u00e9riode propice \u00e0 la d\u00e9couverte. Les temp\u00e9ratures commencent \u00e0 diminuer tout en restant douces et agr\u00e9ables. Les [&hellip;]<\/p>\n","protected":false},"author":13,"featured_media":1701463,"comment_status":"closed","ping_status":"closed","sticky":false,"template":"","format":"standard","meta":{"episode_type":"","audio_file":"","cover_image":"","cover_image_id":"","duration":"","filesize":"","date_recorded":"","explicit":"","block":"","itunes_episode_number":"","itunes_title":"","itunes_season_number":"","itunes_episode_type":"","filesize_raw":"","footnotes":""},"categories":[16],"tags":[],"group":[],"support":[],"class_list":["post-1701431","post","type-post","status-publish","format-standard","has-post-thumbnail","hentry","category-a-la-une"],"yoast_head":"<!-- This site is optimized with the Yoast SEO plugin v24.0 - https:\/\/yoast.com\/wordpress\/plugins\/seo\/ -->\n<title>O\u00f9 voyager en septembre\u00a0? - MyZen TV<\/title>\n<meta name=\"description\" content=\"Aujourd&#039;hui Myzen TV vous propose 5 lieux \u00e0 d\u00e9couvrir en septembre, l&#039;un des meilleurs mois pour voyager et d\u00e9couvrir le monde.\" \/>\n<meta name=\"robots\" content=\"index, follow, max-snippet:-1, max-image-preview:large, max-video-preview:-1\" \/>\n<link rel=\"canonical\" href=\"https:\/\/www.myzen.tv\/fr\/ou-voyager-en-septembre\/\" \/>\n<meta property=\"og:locale\" content=\"fr_FR\" \/>\n<meta property=\"og:type\" content=\"article\" \/>\n<meta property=\"og:title\" content=\"O\u00f9 voyager en septembre\u00a0? - MyZen TV\" \/>\n<meta property=\"og:description\" content=\"Aujourd&#039;hui Myzen TV vous propose 5 lieux \u00e0 d\u00e9couvrir en septembre, l&#039;un des meilleurs mois pour voyager et d\u00e9couvrir le monde.\" \/>\n<meta property=\"og:url\" content=\"https:\/\/www.myzen.tv\/fr\/ou-voyager-en-septembre\/\" \/>\n<meta property=\"og:site_name\" content=\"MyZen TV\" \/>\n<meta property=\"article:publisher\" content=\"https:\/\/www.facebook.com\/myzen.tv.fr\/\" \/>\n<meta property=\"article:published_time\" content=\"2023-08-30T08:00:00+00:00\" \/>\n<meta property=\"article:modified_time\" content=\"2023-08-17T12:44:56+00:00\" \/>\n<meta property=\"og:image\" content=\"https:\/\/www.myzen.tv\/wp-content\/uploads\/2023\/08\/Ou\u0300-voyager-en-septembre-4.png\" \/>\n\t<meta property=\"og:image:width\" content=\"1200\" \/>\n\t<meta property=\"og:image:height\" content=\"675\" \/>\n\t<meta property=\"og:image:type\" content=\"image\/png\" \/>\n<meta name=\"author\" content=\"Gilles Farina\" \/>\n<meta name=\"twitter:card\" content=\"summary_large_image\" \/>\n<meta name=\"twitter:label1\" content=\"\u00c9crit par\" \/>\n\t<meta name=\"twitter:data1\" content=\"Gilles Farina\" \/>\n\t<meta name=\"twitter:label2\" content=\"Dur\u00e9e de lecture estim\u00e9e\" \/>\n\t<meta name=\"twitter:data2\" content=\"4 minutes\" \/>\n<!-- \/ Yoast SEO plugin. -->","yoast_head_json":{"title":"O\u00f9 voyager en septembre\u00a0? - MyZen TV","description":"Aujourd'hui Myzen TV vous propose 5 lieux \u00e0 d\u00e9couvrir en septembre, l'un des meilleurs mois pour voyager et d\u00e9couvrir le monde.","robots":{"index":"index","follow":"follow","max-snippet":"max-snippet:-1","max-image-preview":"max-image-preview:large","max-video-preview":"max-video-preview:-1"},"canonical":"https:\/\/www.myzen.tv\/fr\/ou-voyager-en-septembre\/","og_locale":"fr_FR","og_type":"article","og_title":"O\u00f9 voyager en septembre\u00a0? - MyZen TV","og_description":"Aujourd'hui Myzen TV vous propose 5 lieux \u00e0 d\u00e9couvrir en septembre, l'un des meilleurs mois pour voyager et d\u00e9couvrir le monde.","og_url":"https:\/\/www.myzen.tv\/fr\/ou-voyager-en-septembre\/","og_site_name":"MyZen TV","article_publisher":"https:\/\/www.facebook.com\/myzen.tv.fr\/","article_published_time":"2023-08-30T08:00:00+00:00","article_modified_time":"2023-08-17T12:44:56+00:00","og_image":[{"width":1200,"height":675,"url":"https:\/\/www.myzen.tv\/wp-content\/uploads\/2023\/08\/Ou\u0300-voyager-en-septembre-4.png","type":"image\/png"}],"author":"Gilles Farina","twitter_card":"summary_large_image","twitter_misc":{"\u00c9crit par":"Gilles Farina","Dur\u00e9e de lecture estim\u00e9e":"4 minutes"},"schema":{"@context":"https:\/\/schema.org","@graph":[{"@type":"Article","@id":"https:\/\/www.myzen.tv\/fr\/ou-voyager-en-septembre\/#article","isPartOf":{"@id":"https:\/\/www.myzen.tv\/fr\/ou-voyager-en-septembre\/"},"author":{"name":"Gilles Farina","@id":"https:\/\/www.myzen.tv\/fr\/#\/schema\/person\/978a9e7addfdccd3326847815bc2aca6"},"headline":"O\u00f9 voyager en septembre\u00a0?","datePublished":"2023-08-30T08:00:00+00:00","dateModified":"2023-08-17T12:44:56+00:00","mainEntityOfPage":{"@id":"https:\/\/www.myzen.tv\/fr\/ou-voyager-en-septembre\/"},"wordCount":523,"publisher":{"@id":"https:\/\/www.myzen.tv\/fr\/#organization"},"image":{"@id":"https:\/\/www.myzen.tv\/fr\/ou-voyager-en-septembre\/#primaryimage"},"thumbnailUrl":"https:\/\/www.myzen.tv\/wp-content\/uploads\/2023\/08\/Ou\u0300-voyager-en-septembre-4.png","articleSection":["A la une"],"inLanguage":"fr-FR"},{"@type":"WebPage","@id":"https:\/\/www.myzen.tv\/fr\/ou-voyager-en-septembre\/","url":"https:\/\/www.myzen.tv\/fr\/ou-voyager-en-septembre\/","name":"O\u00f9 voyager en septembre\u00a0? - MyZen TV","isPartOf":{"@id":"https:\/\/www.myzen.tv\/fr\/#website"},"primaryImageOfPage":{"@id":"https:\/\/www.myzen.tv\/fr\/ou-voyager-en-septembre\/#primaryimage"},"image":{"@id":"https:\/\/www.myzen.tv\/fr\/ou-voyager-en-septembre\/#primaryimage"},"thumbnailUrl":"https:\/\/www.myzen.tv\/wp-content\/uploads\/2023\/08\/Ou\u0300-voyager-en-septembre-4.png","datePublished":"2023-08-30T08:00:00+00:00","dateModified":"2023-08-17T12:44:56+00:00","description":"Aujourd'hui Myzen TV vous propose 5 lieux \u00e0 d\u00e9couvrir en septembre, l'un des meilleurs mois pour voyager et d\u00e9couvrir le monde.","breadcrumb":{"@id":"https:\/\/www.myzen.tv\/fr\/ou-voyager-en-septembre\/#breadcrumb"},"inLanguage":"fr-FR","potentialAction":[{"@type":"ReadAction","target":["https:\/\/www.myzen.tv\/fr\/ou-voyager-en-septembre\/"]}]},{"@type":"ImageObject","inLanguage":"fr-FR","@id":"https:\/\/www.myzen.tv\/fr\/ou-voyager-en-septembre\/#primaryimage","url":"https:\/\/www.myzen.tv\/wp-content\/uploads\/2023\/08\/Ou\u0300-voyager-en-septembre-4.png","contentUrl":"https:\/\/www.myzen.tv\/wp-content\/uploads\/2023\/08\/Ou\u0300-voyager-en-septembre-4.png","width":1200,"height":675,"caption":"Ou\u0300 voyager en septembre"},{"@type":"BreadcrumbList","@id":"https:\/\/www.myzen.tv\/fr\/ou-voyager-en-septembre\/#breadcrumb","itemListElement":[{"@type":"ListItem","position":1,"name":"Home","item":"https:\/\/www.myzen.tv\/fr\/"},{"@type":"ListItem","position":2,"name":"O\u00f9 voyager en septembre\u00a0?"}]},{"@type":"WebSite","@id":"https:\/\/www.myzen.tv\/fr\/#website","url":"https:\/\/www.myzen.tv\/fr\/","name":"MyZen TV","description":"Your lifestyle and well-being channel","publisher":{"@id":"https:\/\/www.myzen.tv\/fr\/#organization"},"potentialAction":[{"@type":"SearchAction","target":{"@type":"EntryPoint","urlTemplate":"https:\/\/www.myzen.tv\/fr\/?s={search_term_string}"},"query-input":{"@type":"PropertyValueSpecification","valueRequired":true,"valueName":"search_term_string"}}],"inLanguage":"fr-FR"},{"@type":"Organization","@id":"https:\/\/www.myzen.tv\/fr\/#organization","name":"MyZen TV","url":"https:\/\/www.myzen.tv\/fr\/","logo":{"@type":"ImageObject","inLanguage":"fr-FR","@id":"https:\/\/www.myzen.tv\/fr\/#\/schema\/logo\/image\/","url":"https:\/\/www.myzen.tv\/wp-content\/uploads\/2021\/05\/cropped-ICON_MZtv-LOGO_firetv640-1-1.png","contentUrl":"https:\/\/www.myzen.tv\/wp-content\/uploads\/2021\/05\/cropped-ICON_MZtv-LOGO_firetv640-1-1.png","width":512,"height":512,"caption":"MyZen TV"},"image":{"@id":"https:\/\/www.myzen.tv\/fr\/#\/schema\/logo\/image\/"},"sameAs":["https:\/\/www.facebook.com\/myzen.tv.fr\/","https:\/\/www.instagram.com\/myzentv\/"]},{"@type":"Person","@id":"https:\/\/www.myzen.tv\/fr\/#\/schema\/person\/978a9e7addfdccd3326847815bc2aca6","name":"Gilles Farina","url":"https:\/\/www.myzen.tv\/fr\/author\/giles-farina\/"}]}},"_links":{"self":[{"href":"https:\/\/www.myzen.tv\/fr\/wp-json\/wp\/v2\/posts\/1701431","targetHints":{"allow":["GET"]}}],"collection":[{"href":"https:\/\/www.myzen.tv\/fr\/wp-json\/wp\/v2\/posts"}],"about":[{"href":"https:\/\/www.myzen.tv\/fr\/wp-json\/wp\/v2\/types\/post"}],"author":[{"embeddable":true,"href":"https:\/\/www.myzen.tv\/fr\/wp-json\/wp\/v2\/users\/13"}],"replies":[{"embeddable":true,"href":"https:\/\/www.myzen.tv\/fr\/wp-json\/wp\/v2\/comments?post=1701431"}],"version-history":[{"count":3,"href":"https:\/\/www.myzen.tv\/fr\/wp-json\/wp\/v2\/posts\/1701431\/revisions"}],"predecessor-version":[{"id":1701507,"href":"https:\/\/www.myzen.tv\/fr\/wp-json\/wp\/v2\/posts\/1701431\/revisions\/1701507"}],"wp:featuredmedia":[{"embeddable":true,"href":"https:\/\/www.myzen.tv\/fr\/wp-json\/wp\/v2\/media\/1701463"}],"wp:attachment":[{"href":"https:\/\/www.myzen.tv\/fr\/wp-json\/wp\/v2\/media?parent=1701431"}],"wp:term":[{"taxonomy":"category","embeddable":true,"href":"https:\/\/www.myzen.tv\/fr\/wp-json\/wp\/v2\/categories?post=1701431"},{"taxonomy":"post_tag","embeddable":true,"href":"https:\/\/www.myzen.tv\/fr\/wp-json\/wp\/v2\/tags?post=1701431"},{"taxonomy":"group","embeddable":true,"href":"https:\/\/www.myzen.tv\/fr\/wp-json\/wp\/v2\/group?post=1701431"},{"taxonomy":"support","embeddable":true,"href":"https:\/\/www.myzen.tv\/fr\/wp-json\/wp\/v2\/support?post=1701431"}],"curies":[{"name":"wp","href":"https:\/\/api.w.org\/{rel}","templated":true}]}}