{"id":1702501,"date":"2023-10-31T08:31:00","date_gmt":"2023-10-31T08:31:00","guid":{"rendered":"https:\/\/www.myzen.tv\/?p=1702501"},"modified":"2024-02-05T13:25:54","modified_gmt":"2024-02-05T13:25:54","slug":"recette-de-brie-au-muesli","status":"publish","type":"post","link":"https:\/\/www.myzen.tv\/fr\/recette-de-brie-au-muesli\/","title":{"rendered":"Recette de Brie au muesli"},"content":{"rendered":"\n<p>Dans Les Carnets de Julie, Jean-Charles nous partage sa recette de <strong>Brie au muesli<\/strong>. Une pr\u00e9paration id\u00e9ale pour 6 personnes.<\/p>\n\n\n\n<p>Vous pouvez retrouver l\u2019ensemble de nos recettes juste <a href=\"https:\/\/www.myzen.tv\/fr\/tag\/recette\/\" target=\"_blank\" rel=\"noreferrer noopener\">ici<\/a>.<\/p>\n\n\n\n<h2 class=\"wp-block-heading\" style=\"font-size:26px\">Les ingr\u00e9dients :<\/h2>\n\n\n\n<ul class=\"liste-recette wp-block-list\"><li>Un Brie de Melun entier<\/li><li>3 poires<\/li><li>50 g de beurre<\/li><li>Du miel<\/li><li>2 poign\u00e9es de muesli<\/li><\/ul>\n\n\n\n<h2 class=\"wp-block-heading\" style=\"font-size:26px\">La pr\u00e9paration :<\/h2>\n\n\n\n<ul class=\"tache-recette wp-block-list\"><li>\u00c9pluchez les poires et coupez-les en fines lamelles.<\/li><li>Dans une po\u00eale, versez le miel et faites-le mousser. Placez-y les lamelles de poires. Laissez cuire quelques instants. R\u00e9servez les poires et laissez refroidir.<\/li><li>Pendant ce temps, fendez le Brie en deux \u00e0 l\u2019aide d&rsquo;un fil.<\/li><li>D\u00e9posez les lamelles de poires refroidies sur le Brie comme pour une tarte aux poires sur une moiti\u00e9 du fromage. Veillez \u00e0 les disposez \u00e0 1 cm du bord de mani\u00e8re \u00e0 ressouder le fromage.<\/li><li>Versez le jus de cuisson sur les poires pour aromatiser l\u2019ensemble. Couvrez avec l\u2019autre moiti\u00e9 du Brie. R\u00e9servez.<\/li><li>Faites fondre le beurre dans la m\u00eame po\u00eale de cuisson. Badigeonnez le Brie. Placez quelques instants au r\u00e9frig\u00e9rateur pour figer le beurre.<\/li><li>Recouvrez le fromage de muesli. Coupez et servez.<\/li><\/ul>\n\n\n\n<h2 class=\"wp-block-heading\" style=\"font-size:26px\">Le conseil de Jean-Charles :<\/h2>\n\n\n\n<p>Le chef conseille de laissez affiner le fromage 2 \u00e0 3 jours. Il n\u2019en sera que meilleur.<\/p>\n\n\n\n<p>D\u00e9couvrez la recette en vid\u00e9o sur notre <a href=\"https:\/\/watch.myzen.tv\/content\/les-carnets-de-julie-la-carte-des-fromages\" target=\"_blank\" rel=\"noreferrer noopener\">plateforme de streaming<\/a>.<\/p>\n","protected":false},"excerpt":{"rendered":"<p>Dans Les Carnets de Julie, Jean-Charles nous partage sa recette de Brie au muesli. Une pr\u00e9paration id\u00e9ale pour 6 personnes. Vous pouvez retrouver l\u2019ensemble de nos recettes juste ici. Les ingr\u00e9dients : Un Brie de Melun entier 3 poires 50 g de beurre Du miel 2 poign\u00e9es de muesli La pr\u00e9paration : \u00c9pluchez les poires [&hellip;]<\/p>\n","protected":false},"author":18,"featured_media":1702546,"comment_status":"closed","ping_status":"closed","sticky":false,"template":"","format":"standard","meta":{"episode_type":"","audio_file":"","cover_image":"","cover_image_id":"","duration":"","filesize":"","date_recorded":"","explicit":"","block":"","itunes_episode_number":"","itunes_title":"","itunes_season_number":"","itunes_episode_type":"","filesize_raw":"","footnotes":""},"categories":[16,1269],"tags":[1307,187,229],"group":[314],"support":[1270],"class_list":["post-1702501","post","type-post","status-publish","format-standard","has-post-thumbnail","hentry","category-a-la-une","category-recettes","tag-carnets-de-julie","tag-cuisine","tag-recette","group-cuisine","support-recette"],"yoast_head":"<!-- This site is optimized with the Yoast SEO plugin v24.0 - https:\/\/yoast.com\/wordpress\/plugins\/seo\/ -->\n<title>Recette de Brie au muesli - MyZen TV<\/title>\n<meta name=\"description\" content=\"Dans les Carnets de Julie, Jean-Charles nous partage sa recette de Brie au Muesli. Une pr\u00e9paration id\u00e9ale pour 6 personnes.\" \/>\n<meta name=\"robots\" content=\"index, follow, max-snippet:-1, max-image-preview:large, max-video-preview:-1\" \/>\n<link rel=\"canonical\" href=\"https:\/\/www.myzen.tv\/fr\/recette-de-brie-au-muesli\/\" \/>\n<meta property=\"og:locale\" content=\"fr_FR\" \/>\n<meta property=\"og:type\" content=\"article\" \/>\n<meta property=\"og:title\" content=\"Recette de Brie au muesli - MyZen TV\" \/>\n<meta property=\"og:description\" content=\"Dans les Carnets de Julie, Jean-Charles nous partage sa recette de Brie au Muesli. Une pr\u00e9paration id\u00e9ale pour 6 personnes.\" \/>\n<meta property=\"og:url\" content=\"https:\/\/www.myzen.tv\/fr\/recette-de-brie-au-muesli\/\" \/>\n<meta property=\"og:site_name\" content=\"MyZen TV\" \/>\n<meta property=\"article:publisher\" content=\"https:\/\/www.facebook.com\/myzen.tv.fr\/\" \/>\n<meta property=\"article:published_time\" content=\"2023-10-31T08:31:00+00:00\" \/>\n<meta property=\"article:modified_time\" content=\"2024-02-05T13:25:54+00:00\" \/>\n<meta property=\"og:image\" content=\"https:\/\/www.myzen.tv\/wp-content\/uploads\/2023\/10\/19_LA_CARTE_DES_FROMAGES_INT.00_50_48_18.Still007.jpg\" \/>\n\t<meta property=\"og:image:width\" content=\"1920\" \/>\n\t<meta property=\"og:image:height\" content=\"1080\" \/>\n\t<meta property=\"og:image:type\" content=\"image\/jpeg\" \/>\n<meta name=\"author\" content=\"Jules Lemaire\" \/>\n<meta name=\"twitter:card\" content=\"summary_large_image\" \/>\n<meta name=\"twitter:label1\" content=\"\u00c9crit par\" \/>\n\t<meta name=\"twitter:data1\" content=\"Jules Lemaire\" \/>\n\t<meta name=\"twitter:label2\" content=\"Dur\u00e9e de lecture estim\u00e9e\" \/>\n\t<meta name=\"twitter:data2\" content=\"1 minute\" \/>\n<!-- \/ Yoast SEO plugin. -->","yoast_head_json":{"title":"Recette de Brie au muesli - MyZen TV","description":"Dans les Carnets de Julie, Jean-Charles nous partage sa recette de Brie au Muesli. Une pr\u00e9paration id\u00e9ale pour 6 personnes.","robots":{"index":"index","follow":"follow","max-snippet":"max-snippet:-1","max-image-preview":"max-image-preview:large","max-video-preview":"max-video-preview:-1"},"canonical":"https:\/\/www.myzen.tv\/fr\/recette-de-brie-au-muesli\/","og_locale":"fr_FR","og_type":"article","og_title":"Recette de Brie au muesli - MyZen TV","og_description":"Dans les Carnets de Julie, Jean-Charles nous partage sa recette de Brie au Muesli. Une pr\u00e9paration id\u00e9ale pour 6 personnes.","og_url":"https:\/\/www.myzen.tv\/fr\/recette-de-brie-au-muesli\/","og_site_name":"MyZen TV","article_publisher":"https:\/\/www.facebook.com\/myzen.tv.fr\/","article_published_time":"2023-10-31T08:31:00+00:00","article_modified_time":"2024-02-05T13:25:54+00:00","og_image":[{"width":1920,"height":1080,"url":"https:\/\/www.myzen.tv\/wp-content\/uploads\/2023\/10\/19_LA_CARTE_DES_FROMAGES_INT.00_50_48_18.Still007.jpg","type":"image\/jpeg"}],"author":"Jules Lemaire","twitter_card":"summary_large_image","twitter_misc":{"\u00c9crit par":"Jules Lemaire","Dur\u00e9e de lecture estim\u00e9e":"1 minute"},"schema":{"@context":"https:\/\/schema.org","@graph":[{"@type":"Article","@id":"https:\/\/www.myzen.tv\/fr\/recette-de-brie-au-muesli\/#article","isPartOf":{"@id":"https:\/\/www.myzen.tv\/fr\/recette-de-brie-au-muesli\/"},"author":{"name":"Jules Lemaire","@id":"https:\/\/www.myzen.tv\/fr\/#\/schema\/person\/dd05b43b8cfeaea9fae7f5b294c01fc4"},"headline":"Recette de Brie au muesli","datePublished":"2023-10-31T08:31:00+00:00","dateModified":"2024-02-05T13:25:54+00:00","mainEntityOfPage":{"@id":"https:\/\/www.myzen.tv\/fr\/recette-de-brie-au-muesli\/"},"wordCount":222,"publisher":{"@id":"https:\/\/www.myzen.tv\/fr\/#organization"},"image":{"@id":"https:\/\/www.myzen.tv\/fr\/recette-de-brie-au-muesli\/#primaryimage"},"thumbnailUrl":"https:\/\/www.myzen.tv\/wp-content\/uploads\/2023\/10\/19_LA_CARTE_DES_FROMAGES_INT.00_50_48_18.Still007.jpg","keywords":["Carnets de Julie","cuisine","recette"],"articleSection":["A la une","Recettes"],"inLanguage":"fr-FR"},{"@type":"WebPage","@id":"https:\/\/www.myzen.tv\/fr\/recette-de-brie-au-muesli\/","url":"https:\/\/www.myzen.tv\/fr\/recette-de-brie-au-muesli\/","name":"Recette de Brie au muesli - MyZen TV","isPartOf":{"@id":"https:\/\/www.myzen.tv\/fr\/#website"},"primaryImageOfPage":{"@id":"https:\/\/www.myzen.tv\/fr\/recette-de-brie-au-muesli\/#primaryimage"},"image":{"@id":"https:\/\/www.myzen.tv\/fr\/recette-de-brie-au-muesli\/#primaryimage"},"thumbnailUrl":"https:\/\/www.myzen.tv\/wp-content\/uploads\/2023\/10\/19_LA_CARTE_DES_FROMAGES_INT.00_50_48_18.Still007.jpg","datePublished":"2023-10-31T08:31:00+00:00","dateModified":"2024-02-05T13:25:54+00:00","description":"Dans les Carnets de Julie, Jean-Charles nous partage sa recette de Brie au Muesli. Une pr\u00e9paration id\u00e9ale pour 6 personnes.","breadcrumb":{"@id":"https:\/\/www.myzen.tv\/fr\/recette-de-brie-au-muesli\/#breadcrumb"},"inLanguage":"fr-FR","potentialAction":[{"@type":"ReadAction","target":["https:\/\/www.myzen.tv\/fr\/recette-de-brie-au-muesli\/"]}]},{"@type":"ImageObject","inLanguage":"fr-FR","@id":"https:\/\/www.myzen.tv\/fr\/recette-de-brie-au-muesli\/#primaryimage","url":"https:\/\/www.myzen.tv\/wp-content\/uploads\/2023\/10\/19_LA_CARTE_DES_FROMAGES_INT.00_50_48_18.Still007.jpg","contentUrl":"https:\/\/www.myzen.tv\/wp-content\/uploads\/2023\/10\/19_LA_CARTE_DES_FROMAGES_INT.00_50_48_18.Still007.jpg","width":1920,"height":1080,"caption":"Brie au muesli"},{"@type":"BreadcrumbList","@id":"https:\/\/www.myzen.tv\/fr\/recette-de-brie-au-muesli\/#breadcrumb","itemListElement":[{"@type":"ListItem","position":1,"name":"Home","item":"https:\/\/www.myzen.tv\/fr\/"},{"@type":"ListItem","position":2,"name":"Cuisine","item":"https:\/\/www.myzen.tv\/fr\/theme\/cuisine\/"},{"@type":"ListItem","position":3,"name":"Recette de Brie au muesli"}]},{"@type":"WebSite","@id":"https:\/\/www.myzen.tv\/fr\/#website","url":"https:\/\/www.myzen.tv\/fr\/","name":"MyZen TV","description":"Your lifestyle and well-being channel","publisher":{"@id":"https:\/\/www.myzen.tv\/fr\/#organization"},"potentialAction":[{"@type":"SearchAction","target":{"@type":"EntryPoint","urlTemplate":"https:\/\/www.myzen.tv\/fr\/?s={search_term_string}"},"query-input":{"@type":"PropertyValueSpecification","valueRequired":true,"valueName":"search_term_string"}}],"inLanguage":"fr-FR"},{"@type":"Organization","@id":"https:\/\/www.myzen.tv\/fr\/#organization","name":"MyZen TV","url":"https:\/\/www.myzen.tv\/fr\/","logo":{"@type":"ImageObject","inLanguage":"fr-FR","@id":"https:\/\/www.myzen.tv\/fr\/#\/schema\/logo\/image\/","url":"https:\/\/www.myzen.tv\/wp-content\/uploads\/2021\/05\/cropped-ICON_MZtv-LOGO_firetv640-1-1.png","contentUrl":"https:\/\/www.myzen.tv\/wp-content\/uploads\/2021\/05\/cropped-ICON_MZtv-LOGO_firetv640-1-1.png","width":512,"height":512,"caption":"MyZen TV"},"image":{"@id":"https:\/\/www.myzen.tv\/fr\/#\/schema\/logo\/image\/"},"sameAs":["https:\/\/www.facebook.com\/myzen.tv.fr\/","https:\/\/www.instagram.com\/myzentv\/"]},{"@type":"Person","@id":"https:\/\/www.myzen.tv\/fr\/#\/schema\/person\/dd05b43b8cfeaea9fae7f5b294c01fc4","name":"Jules Lemaire","url":"https:\/\/www.myzen.tv\/fr\/author\/jules-lemaire\/"}]}},"_links":{"self":[{"href":"https:\/\/www.myzen.tv\/fr\/wp-json\/wp\/v2\/posts\/1702501","targetHints":{"allow":["GET"]}}],"collection":[{"href":"https:\/\/www.myzen.tv\/fr\/wp-json\/wp\/v2\/posts"}],"about":[{"href":"https:\/\/www.myzen.tv\/fr\/wp-json\/wp\/v2\/types\/post"}],"author":[{"embeddable":true,"href":"https:\/\/www.myzen.tv\/fr\/wp-json\/wp\/v2\/users\/18"}],"replies":[{"embeddable":true,"href":"https:\/\/www.myzen.tv\/fr\/wp-json\/wp\/v2\/comments?post=1702501"}],"version-history":[{"count":20,"href":"https:\/\/www.myzen.tv\/fr\/wp-json\/wp\/v2\/posts\/1702501\/revisions"}],"predecessor-version":[{"id":1703474,"href":"https:\/\/www.myzen.tv\/fr\/wp-json\/wp\/v2\/posts\/1702501\/revisions\/1703474"}],"wp:featuredmedia":[{"embeddable":true,"href":"https:\/\/www.myzen.tv\/fr\/wp-json\/wp\/v2\/media\/1702546"}],"wp:attachment":[{"href":"https:\/\/www.myzen.tv\/fr\/wp-json\/wp\/v2\/media?parent=1702501"}],"wp:term":[{"taxonomy":"category","embeddable":true,"href":"https:\/\/www.myzen.tv\/fr\/wp-json\/wp\/v2\/categories?post=1702501"},{"taxonomy":"post_tag","embeddable":true,"href":"https:\/\/www.myzen.tv\/fr\/wp-json\/wp\/v2\/tags?post=1702501"},{"taxonomy":"group","embeddable":true,"href":"https:\/\/www.myzen.tv\/fr\/wp-json\/wp\/v2\/group?post=1702501"},{"taxonomy":"support","embeddable":true,"href":"https:\/\/www.myzen.tv\/fr\/wp-json\/wp\/v2\/support?post=1702501"}],"curies":[{"name":"wp","href":"https:\/\/api.w.org\/{rel}","templated":true}]}}