{"id":1703756,"date":"2024-04-01T06:00:00","date_gmt":"2024-04-01T06:00:00","guid":{"rendered":"https:\/\/www.myzen.tv\/?p=1703756"},"modified":"2024-03-27T15:08:36","modified_gmt":"2024-03-27T15:08:36","slug":"recette-de-gigot-dagneau-a-la-broche-et-legumes-oublies-au-cidre","status":"publish","type":"post","link":"https:\/\/www.myzen.tv\/fr\/recette-de-gigot-dagneau-a-la-broche-et-legumes-oublies-au-cidre\/","title":{"rendered":"Recette de gigot d&rsquo;agneau \u00e0 la broche et l\u00e9gumes oubli\u00e9s au cidre"},"content":{"rendered":"\n<p>Dans Les Carnets de Julie, G\u00e9rard nous partage sa recette de <strong>gigot d&rsquo;agneau \u00e0 la broche<\/strong> et <strong>l\u00e9gumes oubli\u00e9s au cidre<\/strong>. Une pr\u00e9paration id\u00e9ale pour 12 personnes.<\/p>\n\n\n\n<p>Vous pouvez retrouver l&rsquo;ensemble de nos recettes <a href=\"https:\/\/www.myzen.tv\/fr\/tag\/recette\/\" target=\"_blank\" rel=\"noreferrer noopener\">ici<\/a>.<\/p>\n\n\n\n<h2 class=\"wp-block-heading\" style=\"font-size:26px\">Les ingr\u00e9dients :<\/h2>\n\n\n\n<ul class=\"liste-recette wp-block-list\"><li>1 gigot d&rsquo;agneau de pr\u00e9s sal\u00e9s de 3,2 kg<\/li><li>Environ 2 kg de l\u00e9gumes racines (carottes, panais, cerfeuil tub\u00e9reux, racine de persil&#8230;)<\/li><li>3 oignons<\/li><li>1\/2 bouteille de cidre<\/li><li>50 g de beurre<\/li><\/ul>\n\n\n\n<h2 class=\"wp-block-heading\" style=\"font-size:26px\">La pr\u00e9paration :<\/h2>\n\n\n\n<ul class=\"tache-recette wp-block-list\"><li>Pr\u00e9parez une belle flamb\u00e9e dans la chemin\u00e9e. Embrochez le gigot d&rsquo;agneau en longeant l&rsquo;os au plus pr\u00e8s et d\u00e9posez-le dans le cul (si vous en poss\u00e9dez un).<\/li><li>Ficelez le manche si vous n&rsquo;avez pas d&rsquo;autre moyen de l&#8217;emp\u00eacher de tourner. Placez-le devant le feu mais pas trop pr\u00e8s (vous devez pouvoir y tenir votre main 5 secondes sans vous br\u00fbler). Tournez-le r\u00e9guli\u00e8rement d&rsquo;un cran (ou laissez tourner le tourne broche). Approchez-le petit \u00e0 petit du feu pour qu&rsquo;il dore.<\/li><li>Comptez environ 2 h de cuisson avec un cul, 3 h \u00e0 la broche.<\/li><li>Pendant ce temps, pelez les oignons et \u00e9mincez-les. Mettez-les \u00e0 fondre dans une cocotte pos\u00e9e sur un tr\u00e9pied dans le feu (ou sur la cuisini\u00e8re bien s\u00fbr). Lavez les l\u00e9gumes, pelez-les et coupez-les en rondelles \u00e9paisses. Quand les oignons ont fondu, ajoutez les l\u00e9gumes et laissez-les dorer.<\/li><li>Versez le cidre, donnez un bouillon, salez et couvrez.<\/li><li>Laissez cuire 1 h environ. D\u00e9coupez le gigot en tranches fines et servez accompagn\u00e9 des l\u00e9gumes.<\/li><\/ul>\n\n\n\n<h2 class=\"wp-block-heading\">Le conseil de Julie :<\/h2>\n\n\n\n<p>La cuisson de l&rsquo;agneau doit se faire \u00e0 feu doux au d\u00e9part pour que la chaleur p\u00e9n\u00e8tre, puis \u00e0 feu plus soutenu pour qu&rsquo;il dore, et non l&rsquo;inverse.<\/p>\n\n\n\n<p>D\u00e9couvrez Les Carnets de Julie sur notre plateforme de streaming <a href=\"https:\/\/watch.myzen.tv\/smartlists\/les-carnets-de-julie\" target=\"_blank\" rel=\"noreferrer noopener\">MyZen TV<\/a>.<\/p>\n","protected":false},"excerpt":{"rendered":"<p>Dans Les Carnets de Julie, G\u00e9rard nous partage sa recette de gigot d&rsquo;agneau \u00e0 la broche et l\u00e9gumes oubli\u00e9s au cidre. Une pr\u00e9paration id\u00e9ale pour 12 personnes. Vous pouvez retrouver l&rsquo;ensemble de nos recettes ici. Les ingr\u00e9dients : 1 gigot d&rsquo;agneau de pr\u00e9s sal\u00e9s de 3,2 kg Environ 2 kg de l\u00e9gumes racines (carottes, panais, [&hellip;]<\/p>\n","protected":false},"author":18,"featured_media":1703806,"comment_status":"closed","ping_status":"closed","sticky":false,"template":"","format":"standard","meta":{"episode_type":"","audio_file":"","cover_image":"","cover_image_id":"","duration":"","filesize":"","date_recorded":"","explicit":"","block":"","itunes_episode_number":"","itunes_title":"","itunes_season_number":"","itunes_episode_type":"","filesize_raw":"","footnotes":""},"categories":[1269],"tags":[1307,187,229],"group":[314],"support":[],"class_list":["post-1703756","post","type-post","status-publish","format-standard","has-post-thumbnail","hentry","category-recettes","tag-carnets-de-julie","tag-cuisine","tag-recette","group-cuisine"],"yoast_head":"<!-- This site is optimized with the Yoast SEO plugin v24.0 - https:\/\/yoast.com\/wordpress\/plugins\/seo\/ -->\n<title>Recette de gigot d&#039;agneau \u00e0 la broche et l\u00e9gumes oubli\u00e9s au cidre - MyZen TV<\/title>\n<meta name=\"description\" content=\"Dans Les Carnets de Julie, G\u00e9rard nous partage sa recette de gigot d&#039;agneau \u00e0 la broche et l\u00e9gumes oubli\u00e9s au cidre.\" \/>\n<meta name=\"robots\" content=\"index, follow, max-snippet:-1, max-image-preview:large, max-video-preview:-1\" \/>\n<link rel=\"canonical\" href=\"https:\/\/www.myzen.tv\/fr\/recette-de-gigot-dagneau-a-la-broche-et-legumes-oublies-au-cidre\/\" \/>\n<meta property=\"og:locale\" content=\"fr_FR\" \/>\n<meta property=\"og:type\" content=\"article\" \/>\n<meta property=\"og:title\" content=\"Recette de gigot d&#039;agneau \u00e0 la broche et l\u00e9gumes oubli\u00e9s au cidre - MyZen TV\" \/>\n<meta property=\"og:description\" content=\"Dans Les Carnets de Julie, G\u00e9rard nous partage sa recette de gigot d&#039;agneau \u00e0 la broche et l\u00e9gumes oubli\u00e9s au cidre.\" \/>\n<meta property=\"og:url\" content=\"https:\/\/www.myzen.tv\/fr\/recette-de-gigot-dagneau-a-la-broche-et-legumes-oublies-au-cidre\/\" \/>\n<meta property=\"og:site_name\" content=\"MyZen TV\" \/>\n<meta property=\"article:publisher\" content=\"https:\/\/www.facebook.com\/myzen.tv.fr\/\" \/>\n<meta property=\"article:published_time\" content=\"2024-04-01T06:00:00+00:00\" \/>\n<meta property=\"article:modified_time\" content=\"2024-03-27T15:08:36+00:00\" \/>\n<meta property=\"og:image\" content=\"https:\/\/www.myzen.tv\/wp-content\/uploads\/2024\/03\/Carnets-de-Julie-S.4E.18-1-copie.jpg\" \/>\n\t<meta property=\"og:image:width\" content=\"1920\" \/>\n\t<meta property=\"og:image:height\" content=\"1080\" \/>\n\t<meta property=\"og:image:type\" content=\"image\/jpeg\" \/>\n<meta name=\"author\" content=\"Jules Lemaire\" \/>\n<meta name=\"twitter:card\" content=\"summary_large_image\" \/>\n<meta name=\"twitter:label1\" content=\"\u00c9crit par\" \/>\n\t<meta name=\"twitter:data1\" content=\"Jules Lemaire\" \/>\n\t<meta name=\"twitter:label2\" content=\"Dur\u00e9e de lecture estim\u00e9e\" \/>\n\t<meta name=\"twitter:data2\" content=\"2 minutes\" \/>\n<!-- \/ Yoast SEO plugin. -->","yoast_head_json":{"title":"Recette de gigot d'agneau \u00e0 la broche et l\u00e9gumes oubli\u00e9s au cidre - MyZen TV","description":"Dans Les Carnets de Julie, G\u00e9rard nous partage sa recette de gigot d'agneau \u00e0 la broche et l\u00e9gumes oubli\u00e9s au cidre.","robots":{"index":"index","follow":"follow","max-snippet":"max-snippet:-1","max-image-preview":"max-image-preview:large","max-video-preview":"max-video-preview:-1"},"canonical":"https:\/\/www.myzen.tv\/fr\/recette-de-gigot-dagneau-a-la-broche-et-legumes-oublies-au-cidre\/","og_locale":"fr_FR","og_type":"article","og_title":"Recette de gigot d'agneau \u00e0 la broche et l\u00e9gumes oubli\u00e9s au cidre - MyZen TV","og_description":"Dans Les Carnets de Julie, G\u00e9rard nous partage sa recette de gigot d'agneau \u00e0 la broche et l\u00e9gumes oubli\u00e9s au cidre.","og_url":"https:\/\/www.myzen.tv\/fr\/recette-de-gigot-dagneau-a-la-broche-et-legumes-oublies-au-cidre\/","og_site_name":"MyZen TV","article_publisher":"https:\/\/www.facebook.com\/myzen.tv.fr\/","article_published_time":"2024-04-01T06:00:00+00:00","article_modified_time":"2024-03-27T15:08:36+00:00","og_image":[{"width":1920,"height":1080,"url":"https:\/\/www.myzen.tv\/wp-content\/uploads\/2024\/03\/Carnets-de-Julie-S.4E.18-1-copie.jpg","type":"image\/jpeg"}],"author":"Jules Lemaire","twitter_card":"summary_large_image","twitter_misc":{"\u00c9crit par":"Jules Lemaire","Dur\u00e9e de lecture estim\u00e9e":"2 minutes"},"schema":{"@context":"https:\/\/schema.org","@graph":[{"@type":"Article","@id":"https:\/\/www.myzen.tv\/fr\/recette-de-gigot-dagneau-a-la-broche-et-legumes-oublies-au-cidre\/#article","isPartOf":{"@id":"https:\/\/www.myzen.tv\/fr\/recette-de-gigot-dagneau-a-la-broche-et-legumes-oublies-au-cidre\/"},"author":{"name":"Jules Lemaire","@id":"https:\/\/www.myzen.tv\/fr\/#\/schema\/person\/dd05b43b8cfeaea9fae7f5b294c01fc4"},"headline":"Recette de gigot d&rsquo;agneau \u00e0 la broche et l\u00e9gumes oubli\u00e9s au cidre","datePublished":"2024-04-01T06:00:00+00:00","dateModified":"2024-03-27T15:08:36+00:00","mainEntityOfPage":{"@id":"https:\/\/www.myzen.tv\/fr\/recette-de-gigot-dagneau-a-la-broche-et-legumes-oublies-au-cidre\/"},"wordCount":310,"publisher":{"@id":"https:\/\/www.myzen.tv\/fr\/#organization"},"image":{"@id":"https:\/\/www.myzen.tv\/fr\/recette-de-gigot-dagneau-a-la-broche-et-legumes-oublies-au-cidre\/#primaryimage"},"thumbnailUrl":"https:\/\/www.myzen.tv\/wp-content\/uploads\/2024\/03\/Carnets-de-Julie-S.4E.18-1-copie.jpg","keywords":["Carnets de Julie","cuisine","recette"],"articleSection":["Recettes"],"inLanguage":"fr-FR"},{"@type":"WebPage","@id":"https:\/\/www.myzen.tv\/fr\/recette-de-gigot-dagneau-a-la-broche-et-legumes-oublies-au-cidre\/","url":"https:\/\/www.myzen.tv\/fr\/recette-de-gigot-dagneau-a-la-broche-et-legumes-oublies-au-cidre\/","name":"Recette de gigot d'agneau \u00e0 la broche et l\u00e9gumes oubli\u00e9s au cidre - MyZen TV","isPartOf":{"@id":"https:\/\/www.myzen.tv\/fr\/#website"},"primaryImageOfPage":{"@id":"https:\/\/www.myzen.tv\/fr\/recette-de-gigot-dagneau-a-la-broche-et-legumes-oublies-au-cidre\/#primaryimage"},"image":{"@id":"https:\/\/www.myzen.tv\/fr\/recette-de-gigot-dagneau-a-la-broche-et-legumes-oublies-au-cidre\/#primaryimage"},"thumbnailUrl":"https:\/\/www.myzen.tv\/wp-content\/uploads\/2024\/03\/Carnets-de-Julie-S.4E.18-1-copie.jpg","datePublished":"2024-04-01T06:00:00+00:00","dateModified":"2024-03-27T15:08:36+00:00","description":"Dans Les Carnets de Julie, G\u00e9rard nous partage sa recette de gigot d'agneau \u00e0 la broche et l\u00e9gumes oubli\u00e9s au cidre.","breadcrumb":{"@id":"https:\/\/www.myzen.tv\/fr\/recette-de-gigot-dagneau-a-la-broche-et-legumes-oublies-au-cidre\/#breadcrumb"},"inLanguage":"fr-FR","potentialAction":[{"@type":"ReadAction","target":["https:\/\/www.myzen.tv\/fr\/recette-de-gigot-dagneau-a-la-broche-et-legumes-oublies-au-cidre\/"]}]},{"@type":"ImageObject","inLanguage":"fr-FR","@id":"https:\/\/www.myzen.tv\/fr\/recette-de-gigot-dagneau-a-la-broche-et-legumes-oublies-au-cidre\/#primaryimage","url":"https:\/\/www.myzen.tv\/wp-content\/uploads\/2024\/03\/Carnets-de-Julie-S.4E.18-1-copie.jpg","contentUrl":"https:\/\/www.myzen.tv\/wp-content\/uploads\/2024\/03\/Carnets-de-Julie-S.4E.18-1-copie.jpg","width":1920,"height":1080,"caption":"Gigot d'agneau \u00e0 la broche et l\u00e9gumes oubli\u00e9s au cidre"},{"@type":"BreadcrumbList","@id":"https:\/\/www.myzen.tv\/fr\/recette-de-gigot-dagneau-a-la-broche-et-legumes-oublies-au-cidre\/#breadcrumb","itemListElement":[{"@type":"ListItem","position":1,"name":"Home","item":"https:\/\/www.myzen.tv\/fr\/"},{"@type":"ListItem","position":2,"name":"Cuisine","item":"https:\/\/www.myzen.tv\/fr\/theme\/cuisine\/"},{"@type":"ListItem","position":3,"name":"Recette de gigot d&#8217;agneau \u00e0 la broche et l\u00e9gumes oubli\u00e9s au cidre"}]},{"@type":"WebSite","@id":"https:\/\/www.myzen.tv\/fr\/#website","url":"https:\/\/www.myzen.tv\/fr\/","name":"MyZen TV","description":"Your lifestyle and well-being channel","publisher":{"@id":"https:\/\/www.myzen.tv\/fr\/#organization"},"potentialAction":[{"@type":"SearchAction","target":{"@type":"EntryPoint","urlTemplate":"https:\/\/www.myzen.tv\/fr\/?s={search_term_string}"},"query-input":{"@type":"PropertyValueSpecification","valueRequired":true,"valueName":"search_term_string"}}],"inLanguage":"fr-FR"},{"@type":"Organization","@id":"https:\/\/www.myzen.tv\/fr\/#organization","name":"MyZen TV","url":"https:\/\/www.myzen.tv\/fr\/","logo":{"@type":"ImageObject","inLanguage":"fr-FR","@id":"https:\/\/www.myzen.tv\/fr\/#\/schema\/logo\/image\/","url":"https:\/\/www.myzen.tv\/wp-content\/uploads\/2021\/05\/cropped-ICON_MZtv-LOGO_firetv640-1-1.png","contentUrl":"https:\/\/www.myzen.tv\/wp-content\/uploads\/2021\/05\/cropped-ICON_MZtv-LOGO_firetv640-1-1.png","width":512,"height":512,"caption":"MyZen TV"},"image":{"@id":"https:\/\/www.myzen.tv\/fr\/#\/schema\/logo\/image\/"},"sameAs":["https:\/\/www.facebook.com\/myzen.tv.fr\/","https:\/\/www.instagram.com\/myzentv\/"]},{"@type":"Person","@id":"https:\/\/www.myzen.tv\/fr\/#\/schema\/person\/dd05b43b8cfeaea9fae7f5b294c01fc4","name":"Jules Lemaire","url":"https:\/\/www.myzen.tv\/fr\/author\/jules-lemaire\/"}]}},"_links":{"self":[{"href":"https:\/\/www.myzen.tv\/fr\/wp-json\/wp\/v2\/posts\/1703756","targetHints":{"allow":["GET"]}}],"collection":[{"href":"https:\/\/www.myzen.tv\/fr\/wp-json\/wp\/v2\/posts"}],"about":[{"href":"https:\/\/www.myzen.tv\/fr\/wp-json\/wp\/v2\/types\/post"}],"author":[{"embeddable":true,"href":"https:\/\/www.myzen.tv\/fr\/wp-json\/wp\/v2\/users\/18"}],"replies":[{"embeddable":true,"href":"https:\/\/www.myzen.tv\/fr\/wp-json\/wp\/v2\/comments?post=1703756"}],"version-history":[{"count":4,"href":"https:\/\/www.myzen.tv\/fr\/wp-json\/wp\/v2\/posts\/1703756\/revisions"}],"predecessor-version":[{"id":1703782,"href":"https:\/\/www.myzen.tv\/fr\/wp-json\/wp\/v2\/posts\/1703756\/revisions\/1703782"}],"wp:featuredmedia":[{"embeddable":true,"href":"https:\/\/www.myzen.tv\/fr\/wp-json\/wp\/v2\/media\/1703806"}],"wp:attachment":[{"href":"https:\/\/www.myzen.tv\/fr\/wp-json\/wp\/v2\/media?parent=1703756"}],"wp:term":[{"taxonomy":"category","embeddable":true,"href":"https:\/\/www.myzen.tv\/fr\/wp-json\/wp\/v2\/categories?post=1703756"},{"taxonomy":"post_tag","embeddable":true,"href":"https:\/\/www.myzen.tv\/fr\/wp-json\/wp\/v2\/tags?post=1703756"},{"taxonomy":"group","embeddable":true,"href":"https:\/\/www.myzen.tv\/fr\/wp-json\/wp\/v2\/group?post=1703756"},{"taxonomy":"support","embeddable":true,"href":"https:\/\/www.myzen.tv\/fr\/wp-json\/wp\/v2\/support?post=1703756"}],"curies":[{"name":"wp","href":"https:\/\/api.w.org\/{rel}","templated":true}]}}