{"id":1703971,"date":"2024-09-06T07:00:00","date_gmt":"2024-09-06T07:00:00","guid":{"rendered":"https:\/\/www.myzen.tv\/?p=1703971"},"modified":"2024-09-03T12:49:12","modified_gmt":"2024-09-03T12:49:12","slug":"les-chemins-de-l-ecole-saison-2","status":"publish","type":"post","link":"https:\/\/www.myzen.tv\/fr\/les-chemins-de-l-ecole-saison-2\/","title":{"rendered":"Les Chemins de l&rsquo;\u00c9cole &#8211; Saison 2"},"content":{"rendered":"\n<p>Vous avez aim\u00e9 la saison 1 des <a href=\"https:\/\/watch.myzen.tv\/smartlists\/les-chemins-de-l-ecole\">Chemins de l&rsquo;\u00c9cole<\/a> ? D\u00e9couvrez le quotidien tout aussi extraordinaire d&rsquo;autres enfants dans cette nouvelle saison.<\/p>\n\n\n<div class=\"wp-block-image\">\n<figure class=\"aligncenter size-large is-resized\"><img loading=\"lazy\" decoding=\"async\" width=\"1024\" height=\"576\" src=\"https:\/\/www.myzen.tv\/wp-content\/uploads\/2024\/09\/ECOLE-NEPAL-2014-032-1024x576.jpg\" alt=\"\" class=\"wp-image-1703972\" style=\"width:660px;height:auto\" srcset=\"https:\/\/www.myzen.tv\/wp-content\/uploads\/2024\/09\/ECOLE-NEPAL-2014-032-1024x576.jpg 1024w, https:\/\/www.myzen.tv\/wp-content\/uploads\/2024\/09\/ECOLE-NEPAL-2014-032-300x169.jpg 300w, https:\/\/www.myzen.tv\/wp-content\/uploads\/2024\/09\/ECOLE-NEPAL-2014-032-768x432.jpg 768w, https:\/\/www.myzen.tv\/wp-content\/uploads\/2024\/09\/ECOLE-NEPAL-2014-032-1536x864.jpg 1536w, https:\/\/www.myzen.tv\/wp-content\/uploads\/2024\/09\/ECOLE-NEPAL-2014-032-320x180.jpg 320w, https:\/\/www.myzen.tv\/wp-content\/uploads\/2024\/09\/ECOLE-NEPAL-2014-032-235x132.jpg 235w, https:\/\/www.myzen.tv\/wp-content\/uploads\/2024\/09\/ECOLE-NEPAL-2014-032-540x304.jpg 540w, https:\/\/www.myzen.tv\/wp-content\/uploads\/2024\/09\/ECOLE-NEPAL-2014-032.jpg 1920w\" sizes=\"auto, (max-width: 1024px) 100vw, 1024px\" \/><\/figure><\/div>\n\n\n<p>Ces enfants vivent aux quatre coins du globe mais partagent la m\u00eame soif d\u2019apprendre. Ils ont compris que seule l\u2019instruction leur permettra d\u2019am\u00e9liorer leur vie, et c\u2019est pour cela que chaque jour, dans des paysages incroyables, ils se lancent dans un p\u00e9riple \u00e0 haut risque qui les conduira vers le savoir.<\/p>\n\n\n\n<p>Loin de notre monde, sur des terres inconnues, des enfants d\u00e9placent des montagnes pour aller \u00e0 l\u2019\u00e9cole. Ils vivent \u00e0 des milliers de kilom\u00e8tres les uns des autres, mais partagent le m\u00eame espoir d\u2019un avenir meilleur gr\u00e2ce \u00e0 l\u2019\u00e9ducation. Dans les \u00e9pisodes de cette deuxi\u00e8me saison, le d\u00e9fi pour&nbsp;ces enfants est tout aussi grand&nbsp;! Leurs p\u00e9riples nous font d\u00e9couvrir des lieux o\u00f9 acc\u00e9der au savoir reste une aventure.<\/p>\n\n\n\n<div class=\"wp-block-columns is-layout-flex wp-container-core-columns-is-layout-1 wp-block-columns-is-layout-flex\">\n<div class=\"wp-block-column is-layout-flow wp-block-column-is-layout-flow\" style=\"flex-basis:100%\">\n<div class=\"wp-block-group is-horizontal is-content-justification-center is-nowrap is-layout-flex wp-container-core-group-is-layout-1 wp-block-group-is-layout-flex\">\n<figure class=\"wp-block-image size-large is-resized\"><img loading=\"lazy\" decoding=\"async\" width=\"1024\" height=\"576\" src=\"https:\/\/www.myzen.tv\/wp-content\/uploads\/2024\/09\/ECOLE-INDE-2014-031-1-1024x576.jpg\" alt=\"\" class=\"wp-image-1703976\" style=\"width:247px\" srcset=\"https:\/\/www.myzen.tv\/wp-content\/uploads\/2024\/09\/ECOLE-INDE-2014-031-1-1024x576.jpg 1024w, https:\/\/www.myzen.tv\/wp-content\/uploads\/2024\/09\/ECOLE-INDE-2014-031-1-300x169.jpg 300w, https:\/\/www.myzen.tv\/wp-content\/uploads\/2024\/09\/ECOLE-INDE-2014-031-1-768x432.jpg 768w, https:\/\/www.myzen.tv\/wp-content\/uploads\/2024\/09\/ECOLE-INDE-2014-031-1-1536x864.jpg 1536w, https:\/\/www.myzen.tv\/wp-content\/uploads\/2024\/09\/ECOLE-INDE-2014-031-1-320x180.jpg 320w, https:\/\/www.myzen.tv\/wp-content\/uploads\/2024\/09\/ECOLE-INDE-2014-031-1-235x132.jpg 235w, https:\/\/www.myzen.tv\/wp-content\/uploads\/2024\/09\/ECOLE-INDE-2014-031-1-540x304.jpg 540w, https:\/\/www.myzen.tv\/wp-content\/uploads\/2024\/09\/ECOLE-INDE-2014-031-1.jpg 1920w\" sizes=\"auto, (max-width: 1024px) 100vw, 1024px\" \/><\/figure>\n\n\n\n<figure class=\"wp-block-image size-large is-resized\"><img loading=\"lazy\" decoding=\"async\" width=\"1024\" height=\"683\" src=\"https:\/\/www.myzen.tv\/wp-content\/uploads\/2024\/09\/Nasta_ecole_2_c_WINDS\uf022F.BRUNNQUELL-1024x683.jpg\" alt=\"\" class=\"wp-image-1703982\" style=\"width:247px\" srcset=\"https:\/\/www.myzen.tv\/wp-content\/uploads\/2024\/09\/Nasta_ecole_2_c_WINDS\uf022F.BRUNNQUELL-1024x683.jpg 1024w, https:\/\/www.myzen.tv\/wp-content\/uploads\/2024\/09\/Nasta_ecole_2_c_WINDS\uf022F.BRUNNQUELL-300x200.jpg 300w, https:\/\/www.myzen.tv\/wp-content\/uploads\/2024\/09\/Nasta_ecole_2_c_WINDS\uf022F.BRUNNQUELL-768x512.jpg 768w, https:\/\/www.myzen.tv\/wp-content\/uploads\/2024\/09\/Nasta_ecole_2_c_WINDS\uf022F.BRUNNQUELL-1536x1024.jpg 1536w, https:\/\/www.myzen.tv\/wp-content\/uploads\/2024\/09\/Nasta_ecole_2_c_WINDS\uf022F.BRUNNQUELL-2048x1365.jpg 2048w, https:\/\/www.myzen.tv\/wp-content\/uploads\/2024\/09\/Nasta_ecole_2_c_WINDS\uf022F.BRUNNQUELL-285x190.jpg 285w, https:\/\/www.myzen.tv\/wp-content\/uploads\/2024\/09\/Nasta_ecole_2_c_WINDS\uf022F.BRUNNQUELL-210x140.jpg 210w, https:\/\/www.myzen.tv\/wp-content\/uploads\/2024\/09\/Nasta_ecole_2_c_WINDS\uf022F.BRUNNQUELL-533x355.jpg 533w\" sizes=\"auto, (max-width: 1024px) 100vw, 1024px\" \/><\/figure>\n\n\n\n<figure class=\"wp-block-image size-large is-resized\"><img loading=\"lazy\" decoding=\"async\" width=\"1024\" height=\"683\" src=\"https:\/\/www.myzen.tv\/wp-content\/uploads\/2024\/09\/portrait-plein-pied_william_sur-le-chemin-de-lecole_cWINDS\uf022E.GUIONET-1024x683.jpg\" alt=\"\" class=\"wp-image-1703986\" style=\"width:247px;height:auto\" srcset=\"https:\/\/www.myzen.tv\/wp-content\/uploads\/2024\/09\/portrait-plein-pied_william_sur-le-chemin-de-lecole_cWINDS\uf022E.GUIONET-1024x683.jpg 1024w, https:\/\/www.myzen.tv\/wp-content\/uploads\/2024\/09\/portrait-plein-pied_william_sur-le-chemin-de-lecole_cWINDS\uf022E.GUIONET-300x200.jpg 300w, https:\/\/www.myzen.tv\/wp-content\/uploads\/2024\/09\/portrait-plein-pied_william_sur-le-chemin-de-lecole_cWINDS\uf022E.GUIONET-768x512.jpg 768w, https:\/\/www.myzen.tv\/wp-content\/uploads\/2024\/09\/portrait-plein-pied_william_sur-le-chemin-de-lecole_cWINDS\uf022E.GUIONET-1536x1024.jpg 1536w, https:\/\/www.myzen.tv\/wp-content\/uploads\/2024\/09\/portrait-plein-pied_william_sur-le-chemin-de-lecole_cWINDS\uf022E.GUIONET-2048x1365.jpg 2048w, https:\/\/www.myzen.tv\/wp-content\/uploads\/2024\/09\/portrait-plein-pied_william_sur-le-chemin-de-lecole_cWINDS\uf022E.GUIONET-285x190.jpg 285w, https:\/\/www.myzen.tv\/wp-content\/uploads\/2024\/09\/portrait-plein-pied_william_sur-le-chemin-de-lecole_cWINDS\uf022E.GUIONET-210x140.jpg 210w, https:\/\/www.myzen.tv\/wp-content\/uploads\/2024\/09\/portrait-plein-pied_william_sur-le-chemin-de-lecole_cWINDS\uf022E.GUIONET-533x355.jpg 533w\" sizes=\"auto, (max-width: 1024px) 100vw, 1024px\" \/><\/figure>\n<\/div>\n<\/div>\n<\/div>\n\n\n\n<p><a href=\"https:\/\/watch.myzen.tv\/smartlists\/les-chemins-de-l-ecole\">Les Chemins de l&rsquo;\u00c9cole <\/a>est de retour avec de nouveaux \u00e9pisodes, \u00e0<strong> partir du 6 septembre, chaque vendredi \u00e0 19h30 sur <a href=\"https:\/\/www.myzen.tv\/fr\/\">MyZen TV<\/a>.<\/strong><\/p>\n","protected":false},"excerpt":{"rendered":"<p>Vous avez aim\u00e9 la saison 1 des Chemins de l&rsquo;\u00c9cole ? D\u00e9couvrez le quotidien tout aussi extraordinaire d&rsquo;autres enfants dans cette nouvelle saison. Ces enfants vivent aux quatre coins du globe mais partagent la m\u00eame soif d\u2019apprendre. Ils ont compris que seule l\u2019instruction leur permettra d\u2019am\u00e9liorer leur vie, et c\u2019est pour cela que chaque jour, [&hellip;]<\/p>\n","protected":false},"author":17,"featured_media":1703980,"comment_status":"closed","ping_status":"closed","sticky":false,"template":"","format":"standard","meta":{"episode_type":"","audio_file":"","cover_image":"","cover_image_id":"","duration":"","filesize":"","date_recorded":"","explicit":"","block":"","itunes_episode_number":"","itunes_title":"","itunes_season_number":"","itunes_episode_type":"","filesize_raw":"","footnotes":""},"categories":[16,29,52],"tags":[1124],"group":[317],"support":[],"class_list":["post-1703971","post","type-post","status-publish","format-standard","has-post-thumbnail","hentry","category-a-la-une","category-a-ne-pas-rater","category-changements-de-vie","tag-enfants","group-changement-de-vie"],"yoast_head":"<!-- This site is optimized with the Yoast SEO plugin v24.0 - https:\/\/yoast.com\/wordpress\/plugins\/seo\/ -->\n<title>Les Chemins de l&#039;\u00c9cole - Saison 2 - MyZen TV<\/title>\n<meta name=\"description\" content=\"Les Chemins de l&#039;\u00c9cole est de retour avec de nouveaux \u00e9pisodes, \u00e0 partir du 6 septembre, chaque vendredi \u00e0 19h30 sur MyZen TV.\" \/>\n<meta name=\"robots\" content=\"index, follow, max-snippet:-1, max-image-preview:large, max-video-preview:-1\" \/>\n<link rel=\"canonical\" href=\"https:\/\/www.myzen.tv\/fr\/les-chemins-de-l-ecole-saison-2\/\" \/>\n<meta property=\"og:locale\" content=\"fr_FR\" \/>\n<meta property=\"og:type\" content=\"article\" \/>\n<meta property=\"og:title\" content=\"Les Chemins de l&#039;\u00c9cole - Saison 2 - MyZen TV\" \/>\n<meta property=\"og:description\" content=\"Les Chemins de l&#039;\u00c9cole est de retour avec de nouveaux \u00e9pisodes, \u00e0 partir du 6 septembre, chaque vendredi \u00e0 19h30 sur MyZen TV.\" \/>\n<meta property=\"og:url\" content=\"https:\/\/www.myzen.tv\/fr\/les-chemins-de-l-ecole-saison-2\/\" \/>\n<meta property=\"og:site_name\" content=\"MyZen TV\" \/>\n<meta property=\"article:publisher\" content=\"https:\/\/www.facebook.com\/myzen.tv.fr\/\" \/>\n<meta property=\"article:published_time\" content=\"2024-09-06T07:00:00+00:00\" \/>\n<meta property=\"article:modified_time\" content=\"2024-09-03T12:49:12+00:00\" \/>\n<meta property=\"og:image\" content=\"https:\/\/www.myzen.tv\/wp-content\/uploads\/2024\/09\/luminita_et-ses-amis_sur-le-chemin-de-lecole_cWINDS\uf022E.GUIONET-scaled.jpg\" \/>\n\t<meta property=\"og:image:width\" content=\"2560\" \/>\n\t<meta property=\"og:image:height\" content=\"1707\" \/>\n\t<meta property=\"og:image:type\" content=\"image\/jpeg\" \/>\n<meta name=\"author\" content=\"Nina Debail\" \/>\n<meta name=\"twitter:card\" content=\"summary_large_image\" \/>\n<meta name=\"twitter:label1\" content=\"\u00c9crit par\" \/>\n\t<meta name=\"twitter:data1\" content=\"Nina Debail\" \/>\n\t<meta name=\"twitter:label2\" content=\"Dur\u00e9e de lecture estim\u00e9e\" \/>\n\t<meta name=\"twitter:data2\" content=\"2 minutes\" \/>\n<!-- \/ Yoast SEO plugin. -->","yoast_head_json":{"title":"Les Chemins de l'\u00c9cole - Saison 2 - MyZen TV","description":"Les Chemins de l'\u00c9cole est de retour avec de nouveaux \u00e9pisodes, \u00e0 partir du 6 septembre, chaque vendredi \u00e0 19h30 sur MyZen TV.","robots":{"index":"index","follow":"follow","max-snippet":"max-snippet:-1","max-image-preview":"max-image-preview:large","max-video-preview":"max-video-preview:-1"},"canonical":"https:\/\/www.myzen.tv\/fr\/les-chemins-de-l-ecole-saison-2\/","og_locale":"fr_FR","og_type":"article","og_title":"Les Chemins de l'\u00c9cole - Saison 2 - MyZen TV","og_description":"Les Chemins de l'\u00c9cole est de retour avec de nouveaux \u00e9pisodes, \u00e0 partir du 6 septembre, chaque vendredi \u00e0 19h30 sur MyZen TV.","og_url":"https:\/\/www.myzen.tv\/fr\/les-chemins-de-l-ecole-saison-2\/","og_site_name":"MyZen TV","article_publisher":"https:\/\/www.facebook.com\/myzen.tv.fr\/","article_published_time":"2024-09-06T07:00:00+00:00","article_modified_time":"2024-09-03T12:49:12+00:00","og_image":[{"width":2560,"height":1707,"url":"https:\/\/www.myzen.tv\/wp-content\/uploads\/2024\/09\/luminita_et-ses-amis_sur-le-chemin-de-lecole_cWINDS\uf022E.GUIONET-scaled.jpg","type":"image\/jpeg"}],"author":"Nina Debail","twitter_card":"summary_large_image","twitter_misc":{"\u00c9crit par":"Nina Debail","Dur\u00e9e de lecture estim\u00e9e":"2 minutes"},"schema":{"@context":"https:\/\/schema.org","@graph":[{"@type":"Article","@id":"https:\/\/www.myzen.tv\/fr\/les-chemins-de-l-ecole-saison-2\/#article","isPartOf":{"@id":"https:\/\/www.myzen.tv\/fr\/les-chemins-de-l-ecole-saison-2\/"},"author":{"name":"Nina Debail","@id":"https:\/\/www.myzen.tv\/fr\/#\/schema\/person\/814118410ea478c9d4c9ba189201070b"},"headline":"Les Chemins de l&rsquo;\u00c9cole &#8211; Saison 2","datePublished":"2024-09-06T07:00:00+00:00","dateModified":"2024-09-03T12:49:12+00:00","mainEntityOfPage":{"@id":"https:\/\/www.myzen.tv\/fr\/les-chemins-de-l-ecole-saison-2\/"},"wordCount":188,"publisher":{"@id":"https:\/\/www.myzen.tv\/fr\/#organization"},"image":{"@id":"https:\/\/www.myzen.tv\/fr\/les-chemins-de-l-ecole-saison-2\/#primaryimage"},"thumbnailUrl":"https:\/\/www.myzen.tv\/wp-content\/uploads\/2024\/09\/luminita_et-ses-amis_sur-le-chemin-de-lecole_cWINDS\uf022E.GUIONET-scaled.jpg","keywords":["enfants"],"articleSection":["A la une","\u00c0 ne pas rater","Changements de vie"],"inLanguage":"fr-FR"},{"@type":"WebPage","@id":"https:\/\/www.myzen.tv\/fr\/les-chemins-de-l-ecole-saison-2\/","url":"https:\/\/www.myzen.tv\/fr\/les-chemins-de-l-ecole-saison-2\/","name":"Les Chemins de l'\u00c9cole - Saison 2 - MyZen TV","isPartOf":{"@id":"https:\/\/www.myzen.tv\/fr\/#website"},"primaryImageOfPage":{"@id":"https:\/\/www.myzen.tv\/fr\/les-chemins-de-l-ecole-saison-2\/#primaryimage"},"image":{"@id":"https:\/\/www.myzen.tv\/fr\/les-chemins-de-l-ecole-saison-2\/#primaryimage"},"thumbnailUrl":"https:\/\/www.myzen.tv\/wp-content\/uploads\/2024\/09\/luminita_et-ses-amis_sur-le-chemin-de-lecole_cWINDS\uf022E.GUIONET-scaled.jpg","datePublished":"2024-09-06T07:00:00+00:00","dateModified":"2024-09-03T12:49:12+00:00","description":"Les Chemins de l'\u00c9cole est de retour avec de nouveaux \u00e9pisodes, \u00e0 partir du 6 septembre, chaque vendredi \u00e0 19h30 sur MyZen TV.","breadcrumb":{"@id":"https:\/\/www.myzen.tv\/fr\/les-chemins-de-l-ecole-saison-2\/#breadcrumb"},"inLanguage":"fr-FR","potentialAction":[{"@type":"ReadAction","target":["https:\/\/www.myzen.tv\/fr\/les-chemins-de-l-ecole-saison-2\/"]}]},{"@type":"ImageObject","inLanguage":"fr-FR","@id":"https:\/\/www.myzen.tv\/fr\/les-chemins-de-l-ecole-saison-2\/#primaryimage","url":"https:\/\/www.myzen.tv\/wp-content\/uploads\/2024\/09\/luminita_et-ses-amis_sur-le-chemin-de-lecole_cWINDS\uf022E.GUIONET-scaled.jpg","contentUrl":"https:\/\/www.myzen.tv\/wp-content\/uploads\/2024\/09\/luminita_et-ses-amis_sur-le-chemin-de-lecole_cWINDS\uf022E.GUIONET-scaled.jpg","width":2560,"height":1707},{"@type":"BreadcrumbList","@id":"https:\/\/www.myzen.tv\/fr\/les-chemins-de-l-ecole-saison-2\/#breadcrumb","itemListElement":[{"@type":"ListItem","position":1,"name":"Home","item":"https:\/\/www.myzen.tv\/fr\/"},{"@type":"ListItem","position":2,"name":"Life changes","item":"https:\/\/www.myzen.tv\/fr\/theme\/changement-de-vie\/"},{"@type":"ListItem","position":3,"name":"Les Chemins de l&#8217;\u00c9cole &#8211; Saison 2"}]},{"@type":"WebSite","@id":"https:\/\/www.myzen.tv\/fr\/#website","url":"https:\/\/www.myzen.tv\/fr\/","name":"MyZen TV","description":"Your lifestyle and well-being channel","publisher":{"@id":"https:\/\/www.myzen.tv\/fr\/#organization"},"potentialAction":[{"@type":"SearchAction","target":{"@type":"EntryPoint","urlTemplate":"https:\/\/www.myzen.tv\/fr\/?s={search_term_string}"},"query-input":{"@type":"PropertyValueSpecification","valueRequired":true,"valueName":"search_term_string"}}],"inLanguage":"fr-FR"},{"@type":"Organization","@id":"https:\/\/www.myzen.tv\/fr\/#organization","name":"MyZen TV","url":"https:\/\/www.myzen.tv\/fr\/","logo":{"@type":"ImageObject","inLanguage":"fr-FR","@id":"https:\/\/www.myzen.tv\/fr\/#\/schema\/logo\/image\/","url":"https:\/\/www.myzen.tv\/wp-content\/uploads\/2021\/05\/cropped-ICON_MZtv-LOGO_firetv640-1-1.png","contentUrl":"https:\/\/www.myzen.tv\/wp-content\/uploads\/2021\/05\/cropped-ICON_MZtv-LOGO_firetv640-1-1.png","width":512,"height":512,"caption":"MyZen TV"},"image":{"@id":"https:\/\/www.myzen.tv\/fr\/#\/schema\/logo\/image\/"},"sameAs":["https:\/\/www.facebook.com\/myzen.tv.fr\/","https:\/\/www.instagram.com\/myzentv\/"]},{"@type":"Person","@id":"https:\/\/www.myzen.tv\/fr\/#\/schema\/person\/814118410ea478c9d4c9ba189201070b","name":"Nina Debail","url":"https:\/\/www.myzen.tv\/fr\/author\/nina-debail\/"}]}},"_links":{"self":[{"href":"https:\/\/www.myzen.tv\/fr\/wp-json\/wp\/v2\/posts\/1703971","targetHints":{"allow":["GET"]}}],"collection":[{"href":"https:\/\/www.myzen.tv\/fr\/wp-json\/wp\/v2\/posts"}],"about":[{"href":"https:\/\/www.myzen.tv\/fr\/wp-json\/wp\/v2\/types\/post"}],"author":[{"embeddable":true,"href":"https:\/\/www.myzen.tv\/fr\/wp-json\/wp\/v2\/users\/17"}],"replies":[{"embeddable":true,"href":"https:\/\/www.myzen.tv\/fr\/wp-json\/wp\/v2\/comments?post=1703971"}],"version-history":[{"count":4,"href":"https:\/\/www.myzen.tv\/fr\/wp-json\/wp\/v2\/posts\/1703971\/revisions"}],"predecessor-version":[{"id":1704005,"href":"https:\/\/www.myzen.tv\/fr\/wp-json\/wp\/v2\/posts\/1703971\/revisions\/1704005"}],"wp:featuredmedia":[{"embeddable":true,"href":"https:\/\/www.myzen.tv\/fr\/wp-json\/wp\/v2\/media\/1703980"}],"wp:attachment":[{"href":"https:\/\/www.myzen.tv\/fr\/wp-json\/wp\/v2\/media?parent=1703971"}],"wp:term":[{"taxonomy":"category","embeddable":true,"href":"https:\/\/www.myzen.tv\/fr\/wp-json\/wp\/v2\/categories?post=1703971"},{"taxonomy":"post_tag","embeddable":true,"href":"https:\/\/www.myzen.tv\/fr\/wp-json\/wp\/v2\/tags?post=1703971"},{"taxonomy":"group","embeddable":true,"href":"https:\/\/www.myzen.tv\/fr\/wp-json\/wp\/v2\/group?post=1703971"},{"taxonomy":"support","embeddable":true,"href":"https:\/\/www.myzen.tv\/fr\/wp-json\/wp\/v2\/support?post=1703971"}],"curies":[{"name":"wp","href":"https:\/\/api.w.org\/{rel}","templated":true}]}}