{"id":1710325,"date":"2025-02-01T17:00:00","date_gmt":"2025-02-01T17:00:00","guid":{"rendered":"https:\/\/www.myzen.tv\/?p=1710325"},"modified":"2025-01-29T13:23:58","modified_gmt":"2025-01-29T13:23:58","slug":"les-fruits-et-legumes-de-fevrier-2","status":"publish","type":"post","link":"https:\/\/www.myzen.tv\/fr\/les-fruits-et-legumes-de-fevrier-2\/","title":{"rendered":"Les fruits et l\u00e9gumes de f\u00e9vrier"},"content":{"rendered":"\n<p>Quels fruits et l\u00e9gumes manger en f\u00e9vrier ? Voici la liste des fruits et de saison pour compenser les exc\u00e8s du d\u00e9but d&rsquo;ann\u00e9e ! <\/p>\n\n\n\n<ul class=\"wp-block-list\">\n<li>Les l\u00e9gumes feuilles <\/li>\n<\/ul>\n\n\n\n<p>Si vous aimez les <strong>endives<\/strong> et les <strong><a href=\"https:\/\/watch.myzen.tv\/content\/pastateca-fettuccine-aux-crevettes-dans-une-sauce-epinards-parmesan\">\u00e9pinards<\/a><\/strong>, f\u00e9vrier est le mois parfait pour en profiter. C\u2019est \u00e9galement la saison de la <strong>m\u00e2che<\/strong>, riche, tout comme les \u00e9pinards, en antioxydants. La m\u00e2che est une excellente source de vitamine B9 et de fer. Les endives, connues pour leur amertume, le sont moins pour leurs propri\u00e9t\u00e9s antioxydantes et leur richesse en vitamines A, B9 et K.<\/p>\n\n\n\n<figure class=\"wp-block-image size-full is-resized\"><img loading=\"lazy\" decoding=\"async\" width=\"1125\" height=\"750\" src=\"https:\/\/www.myzen.tv\/wp-content\/uploads\/2025\/01\/image.jpeg\" alt=\"Gratuit Photos gratuites de \u00e0 base de plantes, aliment naturel, alimentation saine Photos\" class=\"wp-image-1710327\" style=\"width:837px;height:auto\" srcset=\"https:\/\/www.myzen.tv\/wp-content\/uploads\/2025\/01\/image.jpeg 1125w, https:\/\/www.myzen.tv\/wp-content\/uploads\/2025\/01\/image-300x200.jpeg 300w, https:\/\/www.myzen.tv\/wp-content\/uploads\/2025\/01\/image-1024x683.jpeg 1024w, https:\/\/www.myzen.tv\/wp-content\/uploads\/2025\/01\/image-768x512.jpeg 768w\" sizes=\"auto, (max-width: 1125px) 100vw, 1125px\" \/><\/figure>\n\n\n\n<ul class=\"wp-block-list\">\n<li>Les crucif\u00e8res<\/li>\n<\/ul>\n\n\n\n<p>Les <strong>choux<\/strong> sont \u00e9galement incontournables en f\u00e9vrier. Qu\u2019ils soient de Bruxelles, fleur ou vert, ils m\u00e9ritent une place dans vos assiettes. Les <strong>choux de Bruxelles<\/strong> sont riches en vitamine C et en calcium, tandis que le <strong>chou vert<\/strong> contient des glucosinolates et de la vitamine C, tout comme le <strong>chou-fleur<\/strong>. Ces compos\u00e9s sont particuli\u00e8rement b\u00e9n\u00e9fiques pour aider le foie \u00e0 \u00e9liminer les toxines.<\/p>\n\n\n\n<figure class=\"wp-block-image size-full is-resized\"><img loading=\"lazy\" decoding=\"async\" width=\"500\" height=\"334\" src=\"https:\/\/www.myzen.tv\/wp-content\/uploads\/2025\/01\/image-1.jpeg\" alt=\"Gratuit Photos gratuites de \u00e0 base de plantes, abondance, agriculture Photos\" class=\"wp-image-1710329\" style=\"width:840px;height:auto\" srcset=\"https:\/\/www.myzen.tv\/wp-content\/uploads\/2025\/01\/image-1.jpeg 500w, https:\/\/www.myzen.tv\/wp-content\/uploads\/2025\/01\/image-1-300x200.jpeg 300w\" sizes=\"auto, (max-width: 500px) 100vw, 500px\" \/><\/figure>\n\n\n\n<ul class=\"wp-block-list\">\n<li>Les l\u00e9gumes racines<\/li>\n<\/ul>\n\n\n\n<p>En f\u00e9vrier, les <strong>l\u00e9gumes racines <\/strong>s\u2019imposent comme <a href=\"https:\/\/watch.myzen.tv\/content\/les-carnets-de-julie-legumes-d-hiver\">les stars de la saison<\/a>. Ils se d\u00e9clinent sous toutes leurs formes, des <strong>carottes<\/strong> riches en carot\u00e9no\u00efdes, protecteurs des cellules, aux <strong>navets<\/strong>, sources de vitamines C, B9, B6, calcium et potassium. Les<strong> panais<\/strong> apportent des fibres et des antioxydants, tandis que le <strong>radis noir<\/strong> est reconnu pour ses bienfaits sur la d\u00e9toxification du foie. Le <strong>rutabaga<\/strong>, proche du navet, est \u00e9galement une bonne source de vitamine C et de potassium. Le <strong>salsifis<\/strong>, contenant de l&rsquo;inuline, b\u00e9n\u00e9fique pour la flore intestinale, ainsi que le <strong>topinambour<\/strong>, riche en inuline et en potassium, bon pour la digestion, font leur entr\u00e9e en f\u00e9vrier.<\/p>\n\n\n\n<figure class=\"wp-block-image size-full is-resized\"><img loading=\"lazy\" decoding=\"async\" width=\"500\" height=\"375\" src=\"https:\/\/www.myzen.tv\/wp-content\/uploads\/2025\/01\/image-2.jpeg\" alt=\"Gratuit Photos gratuites de agriculture, aliments crus, aliments sains Photos\" class=\"wp-image-1710331\" style=\"width:840px;height:auto\" srcset=\"https:\/\/www.myzen.tv\/wp-content\/uploads\/2025\/01\/image-2.jpeg 500w, https:\/\/www.myzen.tv\/wp-content\/uploads\/2025\/01\/image-2-300x225.jpeg 300w\" sizes=\"auto, (max-width: 500px) 100vw, 500px\" \/><\/figure>\n\n\n\n<ul class=\"wp-block-list\">\n<li>Les l\u00e9gumes tiges et bulbes<\/li>\n<\/ul>\n\n\n\n<p>N\u2019oublions pas le <strong>poireau<\/strong>, riche en fibres et en potassium, ainsi que le <strong>c\u00e9leri-rave<\/strong>, connu pour ses propri\u00e9t\u00e9s anti-inflammatoires et sa teneur en flavono\u00efdes.<\/p>\n\n\n\n<h2 class=\"wp-block-heading\">Les fruits<\/h2>\n\n\n\n<ul class=\"wp-block-list\">\n<li>Les fruits \u00e0 p\u00e9pins <\/li>\n<\/ul>\n\n\n\n<p>Comme en janvier, la <strong><a href=\"https:\/\/statics.teams.cdn.office.net\/evergreen-assets\/safelinks\/1\/atp-safelinks.html\">pomme<\/a><\/strong> et la <strong>poire<\/strong> restent des incontournables en hiver. Tr\u00e8s populaires et faciles \u00e0 trouver, elles sont de v\u00e9ritables concentr\u00e9s d&rsquo;antioxydants, particuli\u00e8rement dans leur peau. Pour en profiter pleinement, privil\u00e9giez des fruits issus de l&rsquo;agriculture biologique.<\/p>\n\n\n\n<figure class=\"wp-block-image size-full is-resized\"><img loading=\"lazy\" decoding=\"async\" width=\"500\" height=\"281\" src=\"https:\/\/www.myzen.tv\/wp-content\/uploads\/2025\/01\/image-3.jpeg\" alt=\"Gratuit Trois Pommes Rouges Sur Une Surface En Bois Photos\" class=\"wp-image-1710333\" style=\"width:840px;height:auto\" srcset=\"https:\/\/www.myzen.tv\/wp-content\/uploads\/2025\/01\/image-3.jpeg 500w, https:\/\/www.myzen.tv\/wp-content\/uploads\/2025\/01\/image-3-300x169.jpeg 300w\" sizes=\"auto, (max-width: 500px) 100vw, 500px\" \/><\/figure>\n\n\n\n<ul class=\"wp-block-list\">\n<li>Les agrumes<\/li>\n<\/ul>\n\n\n\n<p>Les <strong>cl\u00e9mentines, mandarines et oranges<\/strong> sont \u00e9galement des essentiels pour faire le plein de vitamine C et combattre les virus. La cl\u00e9mentine, avec son action antioxydante, prot\u00e8ge les cellules, tandis que la mandarine booste les d\u00e9fenses immunitaires et facilite l\u2019absorption du fer. L\u2019orange, quant \u00e0 elle, est id\u00e9ale pour renforcer les d\u00e9fenses immunitaires et apporter un plein d\u2019<a href=\"https:\/\/watch.myzen.tv\/content\/detox-minute-a-c-e-fr\">\u00e9nergie en hiver<\/a>.<\/p>\n\n\n\n<figure class=\"wp-block-image size-full is-resized\"><img loading=\"lazy\" decoding=\"async\" width=\"500\" height=\"333\" src=\"https:\/\/www.myzen.tv\/wp-content\/uploads\/2025\/01\/image-4.jpeg\" alt=\"Gratuit Mandarine Photos\" class=\"wp-image-1710335\" style=\"width:839px;height:auto\" srcset=\"https:\/\/www.myzen.tv\/wp-content\/uploads\/2025\/01\/image-4.jpeg 500w, https:\/\/www.myzen.tv\/wp-content\/uploads\/2025\/01\/image-4-300x200.jpeg 300w\" sizes=\"auto, (max-width: 500px) 100vw, 500px\" \/><\/figure>\n\n\n\n<ul class=\"wp-block-list\">\n<li>Les fruits exotiques<\/li>\n<\/ul>\n\n\n\n<p>Certains <a href=\"https:\/\/watch.myzen.tv\/content\/minute-bowl-bol-fruite\">fruits exotiques<\/a> sont \u00e9galement de saison et parfaits pour bien commencer l\u2019ann\u00e9e. La <strong>grenade<\/strong>, et surtout son jus, est une v\u00e9ritable mine d\u2019antioxydants. Enfin, le<strong> kiwi <\/strong>s\u2019impose comme le champion de la vitamine C : en manger deux par jour suffit \u00e0 couvrir 100 % des besoins quotidiens.<\/p>\n\n\n\n<figure class=\"wp-block-gallery has-nested-images columns-default is-cropped wp-block-gallery-1 is-layout-flex wp-block-gallery-is-layout-flex\">\n<figure class=\"wp-block-image size-large\"><img loading=\"lazy\" decoding=\"async\" width=\"500\" height=\"333\" data-id=\"1710337\" src=\"https:\/\/www.myzen.tv\/wp-content\/uploads\/2025\/01\/image-5.jpeg\" alt=\"Gratuit Fruit Rond Rouge Photos\" class=\"wp-image-1710337\" srcset=\"https:\/\/www.myzen.tv\/wp-content\/uploads\/2025\/01\/image-5.jpeg 500w, https:\/\/www.myzen.tv\/wp-content\/uploads\/2025\/01\/image-5-300x200.jpeg 300w\" sizes=\"auto, (max-width: 500px) 100vw, 500px\" \/><\/figure>\n<\/figure>\n\n\n\n<p>Ne manquez pas, chaque mois, notre liste de fruits et l\u00e9gumes de saison ainsi que des centaines de recettes toujours plus inspirantes sur <a href=\"https:\/\/www.myzen.tv\/\">MyZen TV<\/a> !<\/p>\n\n\n\n<p>Retrouvez les meilleurs programmes lifestyle et bien-\u00eatre, en replay et en direct, sur <a href=\"https:\/\/watch.myzen.tv\/\">MyZen TV<\/a> !<\/p>\n\n\n\n<p><\/p>\n","protected":false},"excerpt":{"rendered":"<p>Quels fruits et l\u00e9gumes manger en f\u00e9vrier ? Voici la liste des fruits et de saison pour compenser les exc\u00e8s du d\u00e9but d&rsquo;ann\u00e9e ! Si vous aimez les endives et les \u00e9pinards, f\u00e9vrier est le mois parfait pour en profiter. C\u2019est \u00e9galement la saison de la m\u00e2che, riche, tout comme les \u00e9pinards, en antioxydants. La [&hellip;]<\/p>\n","protected":false},"author":19,"featured_media":1710262,"comment_status":"closed","ping_status":"closed","sticky":false,"template":"","format":"standard","meta":{"episode_type":"","audio_file":"","cover_image":"","cover_image_id":"","duration":"","filesize":"","date_recorded":"","explicit":"","block":"","itunes_episode_number":"","itunes_title":"","itunes_season_number":"","itunes_episode_type":"","filesize_raw":"","footnotes":""},"categories":[16],"tags":[187,110,111],"group":[],"support":[],"class_list":["post-1710325","post","type-post","status-publish","format-standard","has-post-thumbnail","hentry","category-a-la-une","tag-cuisine","tag-fruits","tag-legumes"],"yoast_head":"<!-- This site is optimized with the Yoast SEO plugin v24.0 - https:\/\/yoast.com\/wordpress\/plugins\/seo\/ -->\n<title>Les fruits et l\u00e9gumes de f\u00e9vrier - MyZen TV<\/title>\n<meta name=\"robots\" content=\"index, follow, max-snippet:-1, max-image-preview:large, max-video-preview:-1\" \/>\n<link rel=\"canonical\" href=\"https:\/\/www.myzen.tv\/fr\/les-fruits-et-legumes-de-fevrier-2\/\" \/>\n<meta property=\"og:locale\" content=\"fr_FR\" \/>\n<meta property=\"og:type\" content=\"article\" \/>\n<meta property=\"og:title\" content=\"Les fruits et l\u00e9gumes de f\u00e9vrier - MyZen TV\" \/>\n<meta property=\"og:description\" content=\"Quels fruits et l\u00e9gumes manger en f\u00e9vrier ? Voici la liste des fruits et de saison pour compenser les exc\u00e8s du d\u00e9but d&rsquo;ann\u00e9e ! Si vous aimez les endives et les \u00e9pinards, f\u00e9vrier est le mois parfait pour en profiter. C\u2019est \u00e9galement la saison de la m\u00e2che, riche, tout comme les \u00e9pinards, en antioxydants. La [&hellip;]\" \/>\n<meta property=\"og:url\" content=\"https:\/\/www.myzen.tv\/fr\/les-fruits-et-legumes-de-fevrier-2\/\" \/>\n<meta property=\"og:site_name\" content=\"MyZen TV\" \/>\n<meta property=\"article:publisher\" content=\"https:\/\/www.facebook.com\/myzen.tv.fr\/\" \/>\n<meta property=\"article:published_time\" content=\"2025-02-01T17:00:00+00:00\" \/>\n<meta property=\"article:modified_time\" content=\"2025-01-29T13:23:58+00:00\" \/>\n<meta property=\"og:image\" content=\"https:\/\/www.myzen.tv\/wp-content\/uploads\/2025\/01\/image-6.png\" \/>\n\t<meta property=\"og:image:width\" content=\"612\" \/>\n\t<meta property=\"og:image:height\" content=\"407\" \/>\n\t<meta property=\"og:image:type\" content=\"image\/png\" \/>\n<meta name=\"author\" content=\"Anne-Sophie Ngaradoumadji\" \/>\n<meta name=\"twitter:card\" content=\"summary_large_image\" \/>\n<meta name=\"twitter:label1\" content=\"\u00c9crit par\" \/>\n\t<meta name=\"twitter:data1\" content=\"Anne-Sophie Ngaradoumadji\" \/>\n\t<meta name=\"twitter:label2\" content=\"Dur\u00e9e de lecture estim\u00e9e\" \/>\n\t<meta name=\"twitter:data2\" content=\"4 minutes\" \/>\n<!-- \/ Yoast SEO plugin. -->","yoast_head_json":{"title":"Les fruits et l\u00e9gumes de f\u00e9vrier - MyZen TV","robots":{"index":"index","follow":"follow","max-snippet":"max-snippet:-1","max-image-preview":"max-image-preview:large","max-video-preview":"max-video-preview:-1"},"canonical":"https:\/\/www.myzen.tv\/fr\/les-fruits-et-legumes-de-fevrier-2\/","og_locale":"fr_FR","og_type":"article","og_title":"Les fruits et l\u00e9gumes de f\u00e9vrier - MyZen TV","og_description":"Quels fruits et l\u00e9gumes manger en f\u00e9vrier ? Voici la liste des fruits et de saison pour compenser les exc\u00e8s du d\u00e9but d&rsquo;ann\u00e9e ! Si vous aimez les endives et les \u00e9pinards, f\u00e9vrier est le mois parfait pour en profiter. C\u2019est \u00e9galement la saison de la m\u00e2che, riche, tout comme les \u00e9pinards, en antioxydants. La [&hellip;]","og_url":"https:\/\/www.myzen.tv\/fr\/les-fruits-et-legumes-de-fevrier-2\/","og_site_name":"MyZen TV","article_publisher":"https:\/\/www.facebook.com\/myzen.tv.fr\/","article_published_time":"2025-02-01T17:00:00+00:00","article_modified_time":"2025-01-29T13:23:58+00:00","og_image":[{"width":612,"height":407,"url":"https:\/\/www.myzen.tv\/wp-content\/uploads\/2025\/01\/image-6.png","type":"image\/png"}],"author":"Anne-Sophie Ngaradoumadji","twitter_card":"summary_large_image","twitter_misc":{"\u00c9crit par":"Anne-Sophie Ngaradoumadji","Dur\u00e9e de lecture estim\u00e9e":"4 minutes"},"schema":{"@context":"https:\/\/schema.org","@graph":[{"@type":"Article","@id":"https:\/\/www.myzen.tv\/fr\/les-fruits-et-legumes-de-fevrier-2\/#article","isPartOf":{"@id":"https:\/\/www.myzen.tv\/fr\/les-fruits-et-legumes-de-fevrier-2\/"},"author":{"name":"Anne-Sophie Ngaradoumadji","@id":"https:\/\/www.myzen.tv\/fr\/#\/schema\/person\/60a6983e8c8b6b346aadd4e9e71dd74d"},"headline":"Les fruits et l\u00e9gumes de f\u00e9vrier","datePublished":"2025-02-01T17:00:00+00:00","dateModified":"2025-01-29T13:23:58+00:00","mainEntityOfPage":{"@id":"https:\/\/www.myzen.tv\/fr\/les-fruits-et-legumes-de-fevrier-2\/"},"wordCount":552,"publisher":{"@id":"https:\/\/www.myzen.tv\/fr\/#organization"},"image":{"@id":"https:\/\/www.myzen.tv\/fr\/les-fruits-et-legumes-de-fevrier-2\/#primaryimage"},"thumbnailUrl":"https:\/\/www.myzen.tv\/wp-content\/uploads\/2025\/01\/image-6.png","keywords":["cuisine","fruits","l\u00e9gumes"],"articleSection":["A la une"],"inLanguage":"fr-FR"},{"@type":"WebPage","@id":"https:\/\/www.myzen.tv\/fr\/les-fruits-et-legumes-de-fevrier-2\/","url":"https:\/\/www.myzen.tv\/fr\/les-fruits-et-legumes-de-fevrier-2\/","name":"Les fruits et l\u00e9gumes de f\u00e9vrier - MyZen TV","isPartOf":{"@id":"https:\/\/www.myzen.tv\/fr\/#website"},"primaryImageOfPage":{"@id":"https:\/\/www.myzen.tv\/fr\/les-fruits-et-legumes-de-fevrier-2\/#primaryimage"},"image":{"@id":"https:\/\/www.myzen.tv\/fr\/les-fruits-et-legumes-de-fevrier-2\/#primaryimage"},"thumbnailUrl":"https:\/\/www.myzen.tv\/wp-content\/uploads\/2025\/01\/image-6.png","datePublished":"2025-02-01T17:00:00+00:00","dateModified":"2025-01-29T13:23:58+00:00","breadcrumb":{"@id":"https:\/\/www.myzen.tv\/fr\/les-fruits-et-legumes-de-fevrier-2\/#breadcrumb"},"inLanguage":"fr-FR","potentialAction":[{"@type":"ReadAction","target":["https:\/\/www.myzen.tv\/fr\/les-fruits-et-legumes-de-fevrier-2\/"]}]},{"@type":"ImageObject","inLanguage":"fr-FR","@id":"https:\/\/www.myzen.tv\/fr\/les-fruits-et-legumes-de-fevrier-2\/#primaryimage","url":"https:\/\/www.myzen.tv\/wp-content\/uploads\/2025\/01\/image-6.png","contentUrl":"https:\/\/www.myzen.tv\/wp-content\/uploads\/2025\/01\/image-6.png","width":612,"height":407},{"@type":"BreadcrumbList","@id":"https:\/\/www.myzen.tv\/fr\/les-fruits-et-legumes-de-fevrier-2\/#breadcrumb","itemListElement":[{"@type":"ListItem","position":1,"name":"Home","item":"https:\/\/www.myzen.tv\/fr\/"},{"@type":"ListItem","position":2,"name":"Les fruits et l\u00e9gumes de f\u00e9vrier"}]},{"@type":"WebSite","@id":"https:\/\/www.myzen.tv\/fr\/#website","url":"https:\/\/www.myzen.tv\/fr\/","name":"MyZen TV","description":"Your lifestyle and well-being channel","publisher":{"@id":"https:\/\/www.myzen.tv\/fr\/#organization"},"potentialAction":[{"@type":"SearchAction","target":{"@type":"EntryPoint","urlTemplate":"https:\/\/www.myzen.tv\/fr\/?s={search_term_string}"},"query-input":{"@type":"PropertyValueSpecification","valueRequired":true,"valueName":"search_term_string"}}],"inLanguage":"fr-FR"},{"@type":"Organization","@id":"https:\/\/www.myzen.tv\/fr\/#organization","name":"MyZen TV","url":"https:\/\/www.myzen.tv\/fr\/","logo":{"@type":"ImageObject","inLanguage":"fr-FR","@id":"https:\/\/www.myzen.tv\/fr\/#\/schema\/logo\/image\/","url":"https:\/\/www.myzen.tv\/wp-content\/uploads\/2021\/05\/cropped-ICON_MZtv-LOGO_firetv640-1-1.png","contentUrl":"https:\/\/www.myzen.tv\/wp-content\/uploads\/2021\/05\/cropped-ICON_MZtv-LOGO_firetv640-1-1.png","width":512,"height":512,"caption":"MyZen TV"},"image":{"@id":"https:\/\/www.myzen.tv\/fr\/#\/schema\/logo\/image\/"},"sameAs":["https:\/\/www.facebook.com\/myzen.tv.fr\/","https:\/\/www.instagram.com\/myzentv\/"]},{"@type":"Person","@id":"https:\/\/www.myzen.tv\/fr\/#\/schema\/person\/60a6983e8c8b6b346aadd4e9e71dd74d","name":"Anne-Sophie Ngaradoumadji","url":"https:\/\/www.myzen.tv\/fr\/author\/anne-sophie-ngaradoumadji\/"}]}},"_links":{"self":[{"href":"https:\/\/www.myzen.tv\/fr\/wp-json\/wp\/v2\/posts\/1710325","targetHints":{"allow":["GET"]}}],"collection":[{"href":"https:\/\/www.myzen.tv\/fr\/wp-json\/wp\/v2\/posts"}],"about":[{"href":"https:\/\/www.myzen.tv\/fr\/wp-json\/wp\/v2\/types\/post"}],"author":[{"embeddable":true,"href":"https:\/\/www.myzen.tv\/fr\/wp-json\/wp\/v2\/users\/19"}],"replies":[{"embeddable":true,"href":"https:\/\/www.myzen.tv\/fr\/wp-json\/wp\/v2\/comments?post=1710325"}],"version-history":[{"count":3,"href":"https:\/\/www.myzen.tv\/fr\/wp-json\/wp\/v2\/posts\/1710325\/revisions"}],"predecessor-version":[{"id":1710340,"href":"https:\/\/www.myzen.tv\/fr\/wp-json\/wp\/v2\/posts\/1710325\/revisions\/1710340"}],"wp:featuredmedia":[{"embeddable":true,"href":"https:\/\/www.myzen.tv\/fr\/wp-json\/wp\/v2\/media\/1710262"}],"wp:attachment":[{"href":"https:\/\/www.myzen.tv\/fr\/wp-json\/wp\/v2\/media?parent=1710325"}],"wp:term":[{"taxonomy":"category","embeddable":true,"href":"https:\/\/www.myzen.tv\/fr\/wp-json\/wp\/v2\/categories?post=1710325"},{"taxonomy":"post_tag","embeddable":true,"href":"https:\/\/www.myzen.tv\/fr\/wp-json\/wp\/v2\/tags?post=1710325"},{"taxonomy":"group","embeddable":true,"href":"https:\/\/www.myzen.tv\/fr\/wp-json\/wp\/v2\/group?post=1710325"},{"taxonomy":"support","embeddable":true,"href":"https:\/\/www.myzen.tv\/fr\/wp-json\/wp\/v2\/support?post=1710325"}],"curies":[{"name":"wp","href":"https:\/\/api.w.org\/{rel}","templated":true}]}}