{"id":1710513,"date":"2025-02-21T10:09:46","date_gmt":"2025-02-21T10:09:46","guid":{"rendered":"https:\/\/www.myzen.tv\/?p=1710513"},"modified":"2025-02-21T10:09:47","modified_gmt":"2025-02-21T10:09:47","slug":"6-destinations-de-printemps","status":"publish","type":"post","link":"https:\/\/www.myzen.tv\/fr\/6-destinations-de-printemps\/","title":{"rendered":"6 destinations zens pour des vacances de printemps"},"content":{"rendered":"\n<p>Vous ne savez pas o\u00f9 partir pour les vacances de printemps ? MyZen TV a pens\u00e9 \u00e0 vous ! D\u00e9couvrez notre s\u00e9lection de destinations authentiques et zen pour un <a href=\"https:\/\/watch.myzen.tv\/smartlists\/reset\">d\u00e9paysement garanti<\/a>, tout pr\u00e8s de chez vous.<\/p>\n\n\n\n<figure class=\"wp-block-image size-large\"><img loading=\"lazy\" decoding=\"async\" width=\"1024\" height=\"683\" src=\"https:\/\/www.myzen.tv\/wp-content\/uploads\/2025\/02\/image-9-1024x683.jpeg\" alt=\"Gratuit Photos gratuites de affichage color\u00e9, agriculture, auriculaire Photos\" class=\"wp-image-1710514\" srcset=\"https:\/\/www.myzen.tv\/wp-content\/uploads\/2025\/02\/image-9-1024x683.jpeg 1024w, https:\/\/www.myzen.tv\/wp-content\/uploads\/2025\/02\/image-9-300x200.jpeg 300w, https:\/\/www.myzen.tv\/wp-content\/uploads\/2025\/02\/image-9-768x512.jpeg 768w, https:\/\/www.myzen.tv\/wp-content\/uploads\/2025\/02\/image-9.jpeg 1125w\" sizes=\"auto, (max-width: 1024px) 100vw, 1024px\" \/><\/figure>\n\n\n\n<h3 class=\"wp-block-heading\">1. Pays-Bas &#8211; Les champs de tulipes<\/h3>\n\n\n\n<p>D\u00e9couvrez, au nord des <a href=\"https:\/\/www.myzen.tv\/fr\/program\/episode\/3111-loosdrecht-pays-bas-s00-e66\">Pays-Bas<\/a>, des champs de tulipes \u00e0 perte de vue. Ce spectacle incontournable du mois d\u2019avril ne laisse personne indiff\u00e9rent. Des rang\u00e9es de fleurs aux couleurs \u00e9clatantes comme vous n\u2019en avez jamais vu auparavant.<\/p>\n\n\n\n<figure class=\"wp-block-image size-large\"><img loading=\"lazy\" decoding=\"async\" width=\"1024\" height=\"683\" src=\"https:\/\/www.myzen.tv\/wp-content\/uploads\/2025\/02\/image-10-1024x683.jpeg\" alt=\"Gratuit Photos gratuites de activit\u00e9s ext\u00e9rieures, aventure, beaut\u00e9 naturelle Photos\" class=\"wp-image-1710516\" srcset=\"https:\/\/www.myzen.tv\/wp-content\/uploads\/2025\/02\/image-10-1024x683.jpeg 1024w, https:\/\/www.myzen.tv\/wp-content\/uploads\/2025\/02\/image-10-300x200.jpeg 300w, https:\/\/www.myzen.tv\/wp-content\/uploads\/2025\/02\/image-10-768x512.jpeg 768w, https:\/\/www.myzen.tv\/wp-content\/uploads\/2025\/02\/image-10.jpeg 1125w\" sizes=\"auto, (max-width: 1024px) 100vw, 1024px\" \/><\/figure>\n\n\n\n<h3 class=\"wp-block-heading\">2. Les C\u00e9vennes (Occitanie) \u2013 Retraite en pleine nature<\/h3>\n\n\n\n<p>Profitez du soleil des C\u00e9vennes et reconnectez-vous avec la nature en Occitanie. Vous pouvez, par exemple, s\u00e9journer dans un \u00e9colodge ou une cabane en for\u00eat, partir en <a href=\"https:\/\/www.myzen.tv\/fr\/3-conseils-pour-faire-une-bonne-randonnee\/\">randonn\u00e9e<\/a> dans le Parc national des C\u00e9vennes, vous baigner en rivi\u00e8re ou encore participer \u00e0 un stage de <a href=\"https:\/\/www.myzen.tv\/fr\/detendez-vous-avec-my-zen-radio\/\">m\u00e9ditation<\/a> ou de <a href=\"https:\/\/www.myzen.tv\/fr\/5-emissions-yoga-a-regarder-dans-votre-salon-sur-myzen-tv\/\">yoga<\/a>.<\/p>\n\n\n\n<figure class=\"wp-block-image size-large\"><img loading=\"lazy\" decoding=\"async\" width=\"1024\" height=\"640\" src=\"https:\/\/www.myzen.tv\/wp-content\/uploads\/2025\/02\/image-11-1024x640.jpeg\" alt=\"Gratuit Phare Blanc Sur La C\u00f4te Rocheuse Brune Photos\" class=\"wp-image-1710518\" srcset=\"https:\/\/www.myzen.tv\/wp-content\/uploads\/2025\/02\/image-11-1024x640.jpeg 1024w, https:\/\/www.myzen.tv\/wp-content\/uploads\/2025\/02\/image-11-300x188.jpeg 300w, https:\/\/www.myzen.tv\/wp-content\/uploads\/2025\/02\/image-11-768x480.jpeg 768w, https:\/\/www.myzen.tv\/wp-content\/uploads\/2025\/02\/image-11.jpeg 1200w\" sizes=\"auto, (max-width: 1024px) 100vw, 1024px\" \/><\/figure>\n\n\n\n<h3 class=\"wp-block-heading\">3. L\u2019\u00eele de Groix (Bretagne) \u2013 S\u00e9r\u00e9nit\u00e9 et oc\u00e9an<\/h3>\n\n\n\n<p>La <a href=\"https:\/\/www.myzen.tv\/fr\/5-choses-a-faire-en-bretagne\/\">Bretagne<\/a> est aussi une destination id\u00e9ale pour le printemps, notamment l\u2019\u00eele de Groix. Cette \u00eele sauvage invite \u00e0 de belles balades \u00e0 v\u00e9lo, \u00e0 la d\u00e9couverte de <a href=\"https:\/\/www.myzen.tv\/fr\/program\/episode\/5319-bretagne-plage-tregastel-s-e\">plages de sable fin<\/a> et \u00e0 profiter du calme ambiant. Un s\u00e9jour ressour\u00e7ant, avec en prime des thalassos \u00e0 proximit\u00e9, \u00e0 Lorient ou Quiberon.<\/p>\n\n\n\n<figure class=\"wp-block-image size-large\"><img loading=\"lazy\" decoding=\"async\" width=\"1024\" height=\"682\" src=\"https:\/\/www.myzen.tv\/wp-content\/uploads\/2025\/02\/image-12-1024x682.jpeg\" alt=\"Gratuit Village pittoresque des Breuleux avec des \u00e9oliennes modernes et des champs verdoyants sous un ciel bleu clair. Photos\" class=\"wp-image-1710520\" srcset=\"https:\/\/www.myzen.tv\/wp-content\/uploads\/2025\/02\/image-12-1024x682.jpeg 1024w, https:\/\/www.myzen.tv\/wp-content\/uploads\/2025\/02\/image-12-300x200.jpeg 300w, https:\/\/www.myzen.tv\/wp-content\/uploads\/2025\/02\/image-12-768x512.jpeg 768w, https:\/\/www.myzen.tv\/wp-content\/uploads\/2025\/02\/image-12.jpeg 1126w\" sizes=\"auto, (max-width: 1024px) 100vw, 1024px\" \/><\/figure>\n\n\n\n<h3 class=\"wp-block-heading\">4. Le Jura \u2013 Bien-\u00eatre et bains nordiques<\/h3>\n\n\n\n<p>Entre <a href=\"https:\/\/www.myzen.tv\/fr\/6-destinations-pour-deconnecter-en-france\/\">lacs et montagnes<\/a>, le Jura est parfait pour des <a href=\"https:\/\/www.myzen.tv\/fr\/3-conseils-pour-faire-une-bonne-randonnee\/\">randonn\u00e9es paisibles<\/a>, des bains nordiques en pleine nature et des d\u00e9couvertes gourmandes. Les cascades du H\u00e9risson et le lac de Chalain comptent parmi les incontournables de la r\u00e9gion.<\/p>\n\n\n\n<figure class=\"wp-block-image size-large\"><img loading=\"lazy\" decoding=\"async\" width=\"1024\" height=\"677\" src=\"https:\/\/www.myzen.tv\/wp-content\/uploads\/2025\/02\/image-13-1024x677.jpeg\" alt=\"Gratuit Structure En B\u00e9ton Blanc Avec Des Plantes Vertes Et Rouges Photos\" class=\"wp-image-1710522\" srcset=\"https:\/\/www.myzen.tv\/wp-content\/uploads\/2025\/02\/image-13-1024x677.jpeg 1024w, https:\/\/www.myzen.tv\/wp-content\/uploads\/2025\/02\/image-13-300x198.jpeg 300w, https:\/\/www.myzen.tv\/wp-content\/uploads\/2025\/02\/image-13-768x508.jpeg 768w, https:\/\/www.myzen.tv\/wp-content\/uploads\/2025\/02\/image-13.jpeg 1134w\" sizes=\"auto, (max-width: 1024px) 100vw, 1024px\" \/><\/figure>\n\n\n\n<h3 class=\"wp-block-heading\">5. Les A\u00e7ores (Portugal) \u2013 Un paradis vert<\/h3>\n\n\n\n<p>L&rsquo;archipel volcanique des A\u00e7ores, au <a href=\"https:\/\/www.myzen.tv\/fr\/5-choses-a-voir-a-lisbonne\/\">Portugal<\/a>, offre des sources chaudes naturelles, des paysages verdoyants et des randonn\u00e9es spectaculaires. C&rsquo;est une destination id\u00e9ale pour se reconnecter \u00e0 la nature tout en profitant d\u2019un climat doux.<\/p>\n\n\n\n<figure class=\"wp-block-image size-large\"><img loading=\"lazy\" decoding=\"async\" width=\"1024\" height=\"683\" src=\"https:\/\/www.myzen.tv\/wp-content\/uploads\/2025\/02\/image-14-1024x683.jpeg\" alt=\"Gratuit Photos gratuites de agriculture, aromatique, beaut\u00e9 naturelle Photos\" class=\"wp-image-1710524\" srcset=\"https:\/\/www.myzen.tv\/wp-content\/uploads\/2025\/02\/image-14-1024x683.jpeg 1024w, https:\/\/www.myzen.tv\/wp-content\/uploads\/2025\/02\/image-14-300x200.jpeg 300w, https:\/\/www.myzen.tv\/wp-content\/uploads\/2025\/02\/image-14-768x512.jpeg 768w, https:\/\/www.myzen.tv\/wp-content\/uploads\/2025\/02\/image-14.jpeg 1125w\" sizes=\"auto, (max-width: 1024px) 100vw, 1024px\" \/><\/figure>\n\n\n\n<h3 class=\"wp-block-heading\">6. La Dr\u00f4me Proven\u00e7ale \u2013 Slow life et lavande<\/h3>\n\n\n\n<p>Au printemps, quoi de mieux que de s\u2019\u00e9vader au c\u0153ur des fleurs ? Entre champs de <a href=\"https:\/\/www.myzen.tv\/fr\/program\/episode\/11181-le-festival-de-la-lavande-de-la-vallee-de-lojai-s00-e05\/\">lavande<\/a>, petits villages perch\u00e9s et spas en pleine nature, la Dr\u00f4me Proven\u00e7ale offre une ambiance apaisante. S\u00e9journez dans un mas proven\u00e7al, explorez les gorges de la Roanne et d\u00e9tendez-vous dans des centres de bien-\u00eatre comme ceux de Grignan ou Montbrun-les-Bains.<\/p>\n\n\n\n<p>Ne manquez pas, chaque semaine, nos articles lifestyle ainsi que des centaines d&rsquo;id\u00e9es de destinations sur <a href=\"https:\/\/www.myzen.tv\/fr\/ou-partir-en-voyage-au-printemps\/\">MyZen TV<\/a> !<\/p>\n\n\n\n<p>Retrouvez les meilleurs programmes lifestyle et bien-\u00eatre, en replay et en direct, sur <a href=\"https:\/\/watch.myzen.tv\/smartlists\/my-zen-guesthouse-6-episodes\">MyZen TV<\/a> !<\/p>\n\n\n\n<p><\/p>\n","protected":false},"excerpt":{"rendered":"<p>Vous ne savez pas o\u00f9 partir pour les vacances de printemps ? MyZen TV a pens\u00e9 \u00e0 vous ! D\u00e9couvrez notre s\u00e9lection de destinations authentiques et zen pour un d\u00e9paysement garanti, tout pr\u00e8s de chez vous. 1. Pays-Bas &#8211; Les champs de tulipes D\u00e9couvrez, au nord des Pays-Bas, des champs de tulipes \u00e0 perte de [&hellip;]<\/p>\n","protected":false},"author":19,"featured_media":1710526,"comment_status":"closed","ping_status":"closed","sticky":false,"template":"","format":"standard","meta":{"episode_type":"","audio_file":"","cover_image":"","cover_image_id":"","duration":"","filesize":"","date_recorded":"","explicit":"","block":"","itunes_episode_number":"","itunes_title":"","itunes_season_number":"","itunes_episode_type":"","filesize_raw":"","footnotes":""},"categories":[51],"tags":[129,279,180,60],"group":[318],"support":[],"class_list":["post-1710513","post","type-post","status-publish","format-standard","has-post-thumbnail","hentry","category-evasion","tag-bien-etre","tag-detente","tag-voyage","tag-yoga","group-voyage"],"yoast_head":"<!-- This site is optimized with the Yoast SEO plugin v24.0 - https:\/\/yoast.com\/wordpress\/plugins\/seo\/ -->\n<title>6 destinations zens pour des vacances de printemps - MyZen TV<\/title>\n<meta name=\"description\" content=\"D\u00e9couvrez notre s\u00e9lection de destinations authentiques et zen pour des vacances de printemps.\" \/>\n<meta name=\"robots\" content=\"index, follow, max-snippet:-1, max-image-preview:large, max-video-preview:-1\" \/>\n<link rel=\"canonical\" href=\"https:\/\/www.myzen.tv\/fr\/6-destinations-de-printemps\/\" \/>\n<meta property=\"og:locale\" content=\"fr_FR\" \/>\n<meta property=\"og:type\" content=\"article\" \/>\n<meta property=\"og:title\" content=\"6 destinations zens pour des vacances de printemps - MyZen TV\" \/>\n<meta property=\"og:description\" content=\"D\u00e9couvrez notre s\u00e9lection de destinations authentiques et zen pour des vacances de printemps.\" \/>\n<meta property=\"og:url\" content=\"https:\/\/www.myzen.tv\/fr\/6-destinations-de-printemps\/\" \/>\n<meta property=\"og:site_name\" content=\"MyZen TV\" \/>\n<meta property=\"article:publisher\" content=\"https:\/\/www.facebook.com\/myzen.tv.fr\/\" \/>\n<meta property=\"article:published_time\" content=\"2025-02-21T10:09:46+00:00\" \/>\n<meta property=\"article:modified_time\" content=\"2025-02-21T10:09:47+00:00\" \/>\n<meta property=\"og:image\" content=\"https:\/\/www.myzen.tv\/wp-content\/uploads\/2025\/02\/iStock_000074521839_Double-scaled.jpg\" \/>\n\t<meta property=\"og:image:width\" content=\"2560\" \/>\n\t<meta property=\"og:image:height\" content=\"1707\" \/>\n\t<meta property=\"og:image:type\" content=\"image\/jpeg\" \/>\n<meta name=\"author\" content=\"Anne-Sophie Ngaradoumadji\" \/>\n<meta name=\"twitter:card\" content=\"summary_large_image\" \/>\n<meta name=\"twitter:label1\" content=\"\u00c9crit par\" \/>\n\t<meta name=\"twitter:data1\" content=\"Anne-Sophie Ngaradoumadji\" \/>\n\t<meta name=\"twitter:label2\" content=\"Dur\u00e9e de lecture estim\u00e9e\" \/>\n\t<meta name=\"twitter:data2\" content=\"4 minutes\" \/>\n<!-- \/ Yoast SEO plugin. -->","yoast_head_json":{"title":"6 destinations zens pour des vacances de printemps - MyZen TV","description":"D\u00e9couvrez notre s\u00e9lection de destinations authentiques et zen pour des vacances de printemps.","robots":{"index":"index","follow":"follow","max-snippet":"max-snippet:-1","max-image-preview":"max-image-preview:large","max-video-preview":"max-video-preview:-1"},"canonical":"https:\/\/www.myzen.tv\/fr\/6-destinations-de-printemps\/","og_locale":"fr_FR","og_type":"article","og_title":"6 destinations zens pour des vacances de printemps - MyZen TV","og_description":"D\u00e9couvrez notre s\u00e9lection de destinations authentiques et zen pour des vacances de printemps.","og_url":"https:\/\/www.myzen.tv\/fr\/6-destinations-de-printemps\/","og_site_name":"MyZen TV","article_publisher":"https:\/\/www.facebook.com\/myzen.tv.fr\/","article_published_time":"2025-02-21T10:09:46+00:00","article_modified_time":"2025-02-21T10:09:47+00:00","og_image":[{"width":2560,"height":1707,"url":"https:\/\/www.myzen.tv\/wp-content\/uploads\/2025\/02\/iStock_000074521839_Double-scaled.jpg","type":"image\/jpeg"}],"author":"Anne-Sophie Ngaradoumadji","twitter_card":"summary_large_image","twitter_misc":{"\u00c9crit par":"Anne-Sophie Ngaradoumadji","Dur\u00e9e de lecture estim\u00e9e":"4 minutes"},"schema":{"@context":"https:\/\/schema.org","@graph":[{"@type":"Article","@id":"https:\/\/www.myzen.tv\/fr\/6-destinations-de-printemps\/#article","isPartOf":{"@id":"https:\/\/www.myzen.tv\/fr\/6-destinations-de-printemps\/"},"author":{"name":"Anne-Sophie Ngaradoumadji","@id":"https:\/\/www.myzen.tv\/fr\/#\/schema\/person\/60a6983e8c8b6b346aadd4e9e71dd74d"},"headline":"6 destinations zens pour des vacances de printemps","datePublished":"2025-02-21T10:09:46+00:00","dateModified":"2025-02-21T10:09:47+00:00","mainEntityOfPage":{"@id":"https:\/\/www.myzen.tv\/fr\/6-destinations-de-printemps\/"},"wordCount":418,"publisher":{"@id":"https:\/\/www.myzen.tv\/fr\/#organization"},"image":{"@id":"https:\/\/www.myzen.tv\/fr\/6-destinations-de-printemps\/#primaryimage"},"thumbnailUrl":"https:\/\/www.myzen.tv\/wp-content\/uploads\/2025\/02\/iStock_000074521839_Double-scaled.jpg","keywords":["bien-\u00eatre","d\u00e9tente","voyage","Yoga"],"articleSection":["\u00c9vasion"],"inLanguage":"fr-FR"},{"@type":"WebPage","@id":"https:\/\/www.myzen.tv\/fr\/6-destinations-de-printemps\/","url":"https:\/\/www.myzen.tv\/fr\/6-destinations-de-printemps\/","name":"6 destinations zens pour des vacances de printemps - MyZen TV","isPartOf":{"@id":"https:\/\/www.myzen.tv\/fr\/#website"},"primaryImageOfPage":{"@id":"https:\/\/www.myzen.tv\/fr\/6-destinations-de-printemps\/#primaryimage"},"image":{"@id":"https:\/\/www.myzen.tv\/fr\/6-destinations-de-printemps\/#primaryimage"},"thumbnailUrl":"https:\/\/www.myzen.tv\/wp-content\/uploads\/2025\/02\/iStock_000074521839_Double-scaled.jpg","datePublished":"2025-02-21T10:09:46+00:00","dateModified":"2025-02-21T10:09:47+00:00","description":"D\u00e9couvrez notre s\u00e9lection de destinations authentiques et zen pour des vacances de printemps.","breadcrumb":{"@id":"https:\/\/www.myzen.tv\/fr\/6-destinations-de-printemps\/#breadcrumb"},"inLanguage":"fr-FR","potentialAction":[{"@type":"ReadAction","target":["https:\/\/www.myzen.tv\/fr\/6-destinations-de-printemps\/"]}]},{"@type":"ImageObject","inLanguage":"fr-FR","@id":"https:\/\/www.myzen.tv\/fr\/6-destinations-de-printemps\/#primaryimage","url":"https:\/\/www.myzen.tv\/wp-content\/uploads\/2025\/02\/iStock_000074521839_Double-scaled.jpg","contentUrl":"https:\/\/www.myzen.tv\/wp-content\/uploads\/2025\/02\/iStock_000074521839_Double-scaled.jpg","width":2560,"height":1707},{"@type":"BreadcrumbList","@id":"https:\/\/www.myzen.tv\/fr\/6-destinations-de-printemps\/#breadcrumb","itemListElement":[{"@type":"ListItem","position":1,"name":"Home","item":"https:\/\/www.myzen.tv\/fr\/"},{"@type":"ListItem","position":2,"name":"Voyage","item":"https:\/\/www.myzen.tv\/fr\/theme\/voyage\/"},{"@type":"ListItem","position":3,"name":"6 destinations zens pour des vacances de printemps"}]},{"@type":"WebSite","@id":"https:\/\/www.myzen.tv\/fr\/#website","url":"https:\/\/www.myzen.tv\/fr\/","name":"MyZen TV","description":"Your lifestyle and well-being channel","publisher":{"@id":"https:\/\/www.myzen.tv\/fr\/#organization"},"potentialAction":[{"@type":"SearchAction","target":{"@type":"EntryPoint","urlTemplate":"https:\/\/www.myzen.tv\/fr\/?s={search_term_string}"},"query-input":{"@type":"PropertyValueSpecification","valueRequired":true,"valueName":"search_term_string"}}],"inLanguage":"fr-FR"},{"@type":"Organization","@id":"https:\/\/www.myzen.tv\/fr\/#organization","name":"MyZen TV","url":"https:\/\/www.myzen.tv\/fr\/","logo":{"@type":"ImageObject","inLanguage":"fr-FR","@id":"https:\/\/www.myzen.tv\/fr\/#\/schema\/logo\/image\/","url":"https:\/\/www.myzen.tv\/wp-content\/uploads\/2021\/05\/cropped-ICON_MZtv-LOGO_firetv640-1-1.png","contentUrl":"https:\/\/www.myzen.tv\/wp-content\/uploads\/2021\/05\/cropped-ICON_MZtv-LOGO_firetv640-1-1.png","width":512,"height":512,"caption":"MyZen TV"},"image":{"@id":"https:\/\/www.myzen.tv\/fr\/#\/schema\/logo\/image\/"},"sameAs":["https:\/\/www.facebook.com\/myzen.tv.fr\/","https:\/\/www.instagram.com\/myzentv\/"]},{"@type":"Person","@id":"https:\/\/www.myzen.tv\/fr\/#\/schema\/person\/60a6983e8c8b6b346aadd4e9e71dd74d","name":"Anne-Sophie Ngaradoumadji","url":"https:\/\/www.myzen.tv\/fr\/author\/anne-sophie-ngaradoumadji\/"}]}},"_links":{"self":[{"href":"https:\/\/www.myzen.tv\/fr\/wp-json\/wp\/v2\/posts\/1710513","targetHints":{"allow":["GET"]}}],"collection":[{"href":"https:\/\/www.myzen.tv\/fr\/wp-json\/wp\/v2\/posts"}],"about":[{"href":"https:\/\/www.myzen.tv\/fr\/wp-json\/wp\/v2\/types\/post"}],"author":[{"embeddable":true,"href":"https:\/\/www.myzen.tv\/fr\/wp-json\/wp\/v2\/users\/19"}],"replies":[{"embeddable":true,"href":"https:\/\/www.myzen.tv\/fr\/wp-json\/wp\/v2\/comments?post=1710513"}],"version-history":[{"count":1,"href":"https:\/\/www.myzen.tv\/fr\/wp-json\/wp\/v2\/posts\/1710513\/revisions"}],"predecessor-version":[{"id":1710528,"href":"https:\/\/www.myzen.tv\/fr\/wp-json\/wp\/v2\/posts\/1710513\/revisions\/1710528"}],"wp:featuredmedia":[{"embeddable":true,"href":"https:\/\/www.myzen.tv\/fr\/wp-json\/wp\/v2\/media\/1710526"}],"wp:attachment":[{"href":"https:\/\/www.myzen.tv\/fr\/wp-json\/wp\/v2\/media?parent=1710513"}],"wp:term":[{"taxonomy":"category","embeddable":true,"href":"https:\/\/www.myzen.tv\/fr\/wp-json\/wp\/v2\/categories?post=1710513"},{"taxonomy":"post_tag","embeddable":true,"href":"https:\/\/www.myzen.tv\/fr\/wp-json\/wp\/v2\/tags?post=1710513"},{"taxonomy":"group","embeddable":true,"href":"https:\/\/www.myzen.tv\/fr\/wp-json\/wp\/v2\/group?post=1710513"},{"taxonomy":"support","embeddable":true,"href":"https:\/\/www.myzen.tv\/fr\/wp-json\/wp\/v2\/support?post=1710513"}],"curies":[{"name":"wp","href":"https:\/\/api.w.org\/{rel}","templated":true}]}}