{"id":1710551,"date":"2025-03-01T09:28:00","date_gmt":"2025-03-01T09:28:00","guid":{"rendered":"https:\/\/www.myzen.tv\/?p=1710551"},"modified":"2025-03-12T08:29:53","modified_gmt":"2025-03-12T08:29:53","slug":"fruits-et-legumes-de-mars","status":"publish","type":"post","link":"https:\/\/www.myzen.tv\/fr\/fruits-et-legumes-de-mars\/","title":{"rendered":"Les fruits et l\u00e9gumes de mars"},"content":{"rendered":"\n<p>Le printemps est l\u00e0 ! Voici la liste des fruits et l\u00e9gumes \u00e0 manger au mois de mars. <\/p>\n\n\n\n<h2 class=\"wp-block-heading\">Les l\u00e9gumes<\/h2>\n\n\n\n<ul class=\"wp-block-list\">\n<li>Les l\u00e9gumes feuilles <\/li>\n<\/ul>\n\n\n\n<p>Les <strong>endives<\/strong> et les <strong><a href=\"https:\/\/watch.myzen.tv\/content\/pastateca-fettuccine-aux-crevettes-dans-une-sauce-epinards-parmesan\">\u00e9pinards<\/a><\/strong>, sont des classiques du printemps. C\u2019est \u00e9galement la saison de la <strong>m\u00e2che<\/strong>, riche, tout comme les \u00e9pinards, en antioxydants. La m\u00e2che est une excellente source de vitamine B9 et de fer. Les endives, connues pour leur amertume, le sont moins pour leurs propri\u00e9t\u00e9s antioxydantes et leur richesse en vitamines A, B9 et K.<\/p>\n\n\n\n<figure class=\"wp-block-image size-full is-resized\"><img loading=\"lazy\" decoding=\"async\" width=\"1125\" height=\"750\" src=\"https:\/\/www.myzen.tv\/wp-content\/uploads\/2025\/02\/image-15.jpeg\" alt=\"Gratuit Photo De Mise Au Point S\u00e9lective Des Plantes Photos\" class=\"wp-image-1710552\" style=\"width:837px;height:auto\" srcset=\"https:\/\/www.myzen.tv\/wp-content\/uploads\/2025\/02\/image-15.jpeg 1125w, https:\/\/www.myzen.tv\/wp-content\/uploads\/2025\/02\/image-15-300x200.jpeg 300w, https:\/\/www.myzen.tv\/wp-content\/uploads\/2025\/02\/image-15-1024x683.jpeg 1024w, https:\/\/www.myzen.tv\/wp-content\/uploads\/2025\/02\/image-15-768x512.jpeg 768w\" sizes=\"auto, (max-width: 1125px) 100vw, 1125px\" \/><\/figure>\n\n\n\n<ul class=\"wp-block-list\">\n<li>Les crucif\u00e8res<\/li>\n<\/ul>\n\n\n\n<p>Le <strong>chou vert<\/strong> et le <strong>chou-fleur<\/strong> sont \u00e9galement incontournables en mars. Le <strong>chou vert<\/strong> contient des glucosinolates et de la vitamine C, tout comme le <strong>chou-fleur<\/strong>. Ces compos\u00e9s sont particuli\u00e8rement b\u00e9n\u00e9fiques pour aider le foie \u00e0 \u00e9liminer les toxines.<\/p>\n\n\n\n<figure class=\"wp-block-image size-large is-resized\"><img loading=\"lazy\" decoding=\"async\" width=\"1024\" height=\"577\" src=\"https:\/\/www.myzen.tv\/wp-content\/uploads\/2025\/02\/image-16-1024x577.jpeg\" alt=\"Gratuit Photos gratuites de affichage temporaire, agriculture, aliments Photos\" class=\"wp-image-1710554\" style=\"width:840px;height:auto\" srcset=\"https:\/\/www.myzen.tv\/wp-content\/uploads\/2025\/02\/image-16-1024x577.jpeg 1024w, https:\/\/www.myzen.tv\/wp-content\/uploads\/2025\/02\/image-16-300x169.jpeg 300w, https:\/\/www.myzen.tv\/wp-content\/uploads\/2025\/02\/image-16-768x433.jpeg 768w, https:\/\/www.myzen.tv\/wp-content\/uploads\/2025\/02\/image-16.jpeg 1260w\" sizes=\"auto, (max-width: 1024px) 100vw, 1024px\" \/><\/figure>\n\n\n\n<ul class=\"wp-block-list\">\n<li>Les l\u00e9gumes racines<\/li>\n<\/ul>\n\n\n\n<p>En mars, les <strong>l\u00e9gumes racines <\/strong>sont toujours pr\u00e9sent. Ils se d\u00e9clinent sous toutes leurs formes, des <strong>carottes<\/strong> riches en carot\u00e9no\u00efdes, protecteurs des cellules, aux <strong>navets<\/strong>, sources de vitamines C, B9, B6, calcium et potassium. Les<strong> panais<\/strong> apportent des fibres et des antioxydants, tandis que le <strong>radis noir<\/strong> est reconnu pour ses bienfaits sur la d\u00e9toxification du foie. Enfin, les <strong>salsifis<\/strong> riche en inuline, participe \u00e0 l\u2019\u00e9quilibre de la flore intestinale et sont de bons alli\u00e9s pour la sant\u00e9 digestive.<\/p>\n\n\n\n<figure class=\"wp-block-image size-full\"><img loading=\"lazy\" decoding=\"async\" width=\"1125\" height=\"750\" src=\"https:\/\/www.myzen.tv\/wp-content\/uploads\/2025\/02\/image-17.jpeg\" alt=\"Gratuit Photos gratuites de affichage du march\u00e9, agriculture, aliment naturel Photos\" class=\"wp-image-1710556\" srcset=\"https:\/\/www.myzen.tv\/wp-content\/uploads\/2025\/02\/image-17.jpeg 1125w, https:\/\/www.myzen.tv\/wp-content\/uploads\/2025\/02\/image-17-300x200.jpeg 300w, https:\/\/www.myzen.tv\/wp-content\/uploads\/2025\/02\/image-17-1024x683.jpeg 1024w, https:\/\/www.myzen.tv\/wp-content\/uploads\/2025\/02\/image-17-768x512.jpeg 768w\" sizes=\"auto, (max-width: 1125px) 100vw, 1125px\" \/><\/figure>\n\n\n\n<ul class=\"wp-block-list\">\n<li>Mention sp\u00e9ciale <\/li>\n<\/ul>\n\n\n\n<p>N\u2019oublions pas le <strong>poireau<\/strong>, riche en fibres et en potassium, ainsi que le <strong>c\u00e9leri-rave<\/strong>, connu pour ses propri\u00e9t\u00e9s anti-inflammatoires et sa teneur en flavono\u00efdes.<\/p>\n\n\n\n<h2 class=\"wp-block-heading\"><a href=\"https:\/\/www.myzen.tv\/fr\/recette-de-salade-avec-des-fruits-et-legumes-de-saison\/\">Les fruits<\/a><\/h2>\n\n\n\n<ul class=\"wp-block-list\">\n<li>Les fruits \u00e0 p\u00e9pins <\/li>\n<\/ul>\n\n\n\n<p>En mars, la <strong><a href=\"https:\/\/statics.teams.cdn.office.net\/evergreen-assets\/safelinks\/1\/atp-safelinks.html\">pomme<\/a><\/strong> et la <strong>poire<\/strong> restent des incontournables. Tr\u00e8s populaires et faciles \u00e0 trouver, elles sont de v\u00e9ritables concentr\u00e9s d&rsquo;antioxydants, particuli\u00e8rement dans leur peau. Pour en profiter pleinement, privil\u00e9giez des fruits issus de l&rsquo;agriculture biologique.<\/p>\n\n\n\n<figure class=\"wp-block-image size-full is-resized\"><img loading=\"lazy\" decoding=\"async\" width=\"1125\" height=\"750\" src=\"https:\/\/www.myzen.tv\/wp-content\/uploads\/2025\/02\/image-18.jpeg\" alt=\"Gratuit Deux Fruits De Poire Verte Photos\" class=\"wp-image-1710558\" style=\"width:840px;height:auto\" srcset=\"https:\/\/www.myzen.tv\/wp-content\/uploads\/2025\/02\/image-18.jpeg 1125w, https:\/\/www.myzen.tv\/wp-content\/uploads\/2025\/02\/image-18-300x200.jpeg 300w, https:\/\/www.myzen.tv\/wp-content\/uploads\/2025\/02\/image-18-1024x683.jpeg 1024w, https:\/\/www.myzen.tv\/wp-content\/uploads\/2025\/02\/image-18-768x512.jpeg 768w\" sizes=\"auto, (max-width: 1125px) 100vw, 1125px\" \/><\/figure>\n\n\n\n<ul class=\"wp-block-list\">\n<li>Les agrumes<\/li>\n<\/ul>\n\n\n\n<p>L&rsquo;<strong><a href=\"https:\/\/www.myzen.tv\/fr\/program\/episode\/8926-anis-orange-s00-e07https:\/\/www.myzen.tv\/fr\/program\/episode\/8926-anis-orange-s00-e07\">orange<\/a><\/strong> r\u00e9siste \u00e0 l&rsquo;hiver et s&rsquo;installe au printemps. Cet agrume est particuli\u00e8rement riche en vitamine C, est id\u00e9ale pour renforcer les d\u00e9fenses immunitaires.<\/p>\n\n\n\n<figure class=\"wp-block-image size-large\"><img loading=\"lazy\" decoding=\"async\" width=\"1024\" height=\"683\" src=\"https:\/\/www.myzen.tv\/wp-content\/uploads\/2025\/02\/image-19-1024x683.jpeg\" alt=\"Gratuit Kiwi Tranch\u00e9 Photos\" class=\"wp-image-1710560\" srcset=\"https:\/\/www.myzen.tv\/wp-content\/uploads\/2025\/02\/image-19-1024x683.jpeg 1024w, https:\/\/www.myzen.tv\/wp-content\/uploads\/2025\/02\/image-19-300x200.jpeg 300w, https:\/\/www.myzen.tv\/wp-content\/uploads\/2025\/02\/image-19-768x512.jpeg 768w, https:\/\/www.myzen.tv\/wp-content\/uploads\/2025\/02\/image-19.jpeg 1125w\" sizes=\"auto, (max-width: 1024px) 100vw, 1024px\" \/><\/figure>\n\n\n\n<ul class=\"wp-block-list\">\n<li>Les fruits exotiques<\/li>\n<\/ul>\n\n\n\n<p>Le<strong> kiwi <\/strong>s\u2019impose comme le champion de la vitamine C : en manger deux par jour suffit \u00e0 couvrir 100 % des besoins quotidiens.<\/p>\n\n\n\n<p>Ne manquez pas, chaque mois, notre liste de fruits et l\u00e9gumes de saison ainsi que des centaines de recettes toujours plus inspirantes sur <a href=\"https:\/\/www.myzen.tv\/\">MyZen TV<\/a> !<\/p>\n\n\n\n<p>Retrouvez les meilleurs programmes lifestyle et bien-\u00eatre, en replay et en direct, sur <a href=\"https:\/\/watch.myzen.tv\/\">MyZen TV<\/a> ! <\/p>\n","protected":false},"excerpt":{"rendered":"<p>Le printemps est l\u00e0 ! Voici la liste des fruits et l\u00e9gumes \u00e0 manger au mois de mars. Les l\u00e9gumes Les endives et les \u00e9pinards, sont des classiques du printemps. C\u2019est \u00e9galement la saison de la m\u00e2che, riche, tout comme les \u00e9pinards, en antioxydants. La m\u00e2che est une excellente source de vitamine B9 et de [&hellip;]<\/p>\n","protected":false},"author":19,"featured_media":1715411,"comment_status":"closed","ping_status":"closed","sticky":false,"template":"","format":"standard","meta":{"episode_type":"","audio_file":"","cover_image":"","cover_image_id":"","duration":"","filesize":"","date_recorded":"","explicit":"","block":"","itunes_episode_number":"","itunes_title":"","itunes_season_number":"","itunes_episode_type":"","filesize_raw":"","footnotes":""},"categories":[16],"tags":[187,110,111,229],"group":[314],"support":[1270],"class_list":["post-1710551","post","type-post","status-publish","format-standard","has-post-thumbnail","hentry","category-a-la-une","tag-cuisine","tag-fruits","tag-legumes","tag-recette","group-cuisine","support-recette"],"yoast_head":"<!-- This site is optimized with the Yoast SEO plugin v24.0 - https:\/\/yoast.com\/wordpress\/plugins\/seo\/ -->\n<title>Les fruits et l\u00e9gumes de mars - MyZen TV<\/title>\n<meta name=\"description\" content=\"Le printemps est l\u00e0 ! Voici la liste des fruits et l\u00e9gumes \u00e0 manger au mois de mars.\" \/>\n<meta name=\"robots\" content=\"index, follow, max-snippet:-1, max-image-preview:large, max-video-preview:-1\" \/>\n<link rel=\"canonical\" href=\"https:\/\/www.myzen.tv\/fr\/fruits-et-legumes-de-mars\/\" \/>\n<meta property=\"og:locale\" content=\"fr_FR\" \/>\n<meta property=\"og:type\" content=\"article\" \/>\n<meta property=\"og:title\" content=\"Les fruits et l\u00e9gumes de mars - MyZen TV\" \/>\n<meta property=\"og:description\" content=\"Le printemps est l\u00e0 ! Voici la liste des fruits et l\u00e9gumes \u00e0 manger au mois de mars.\" \/>\n<meta property=\"og:url\" content=\"https:\/\/www.myzen.tv\/fr\/fruits-et-legumes-de-mars\/\" \/>\n<meta property=\"og:site_name\" content=\"MyZen TV\" \/>\n<meta property=\"article:publisher\" content=\"https:\/\/www.facebook.com\/myzen.tv.fr\/\" \/>\n<meta property=\"article:published_time\" content=\"2025-03-01T09:28:00+00:00\" \/>\n<meta property=\"article:modified_time\" content=\"2025-03-12T08:29:53+00:00\" \/>\n<meta property=\"og:image\" content=\"https:\/\/www.myzen.tv\/wp-content\/uploads\/2025\/03\/pexels-kampus-8931666-scaled.jpg\" \/>\n\t<meta property=\"og:image:width\" content=\"2560\" \/>\n\t<meta property=\"og:image:height\" content=\"1707\" \/>\n\t<meta property=\"og:image:type\" content=\"image\/jpeg\" \/>\n<meta name=\"author\" content=\"Anne-Sophie Ngaradoumadji\" \/>\n<meta name=\"twitter:card\" content=\"summary_large_image\" \/>\n<meta name=\"twitter:label1\" content=\"\u00c9crit par\" \/>\n\t<meta name=\"twitter:data1\" content=\"Anne-Sophie Ngaradoumadji\" \/>\n\t<meta name=\"twitter:label2\" content=\"Dur\u00e9e de lecture estim\u00e9e\" \/>\n\t<meta name=\"twitter:data2\" content=\"3 minutes\" \/>\n<!-- \/ Yoast SEO plugin. -->","yoast_head_json":{"title":"Les fruits et l\u00e9gumes de mars - MyZen TV","description":"Le printemps est l\u00e0 ! Voici la liste des fruits et l\u00e9gumes \u00e0 manger au mois de mars.","robots":{"index":"index","follow":"follow","max-snippet":"max-snippet:-1","max-image-preview":"max-image-preview:large","max-video-preview":"max-video-preview:-1"},"canonical":"https:\/\/www.myzen.tv\/fr\/fruits-et-legumes-de-mars\/","og_locale":"fr_FR","og_type":"article","og_title":"Les fruits et l\u00e9gumes de mars - MyZen TV","og_description":"Le printemps est l\u00e0 ! Voici la liste des fruits et l\u00e9gumes \u00e0 manger au mois de mars.","og_url":"https:\/\/www.myzen.tv\/fr\/fruits-et-legumes-de-mars\/","og_site_name":"MyZen TV","article_publisher":"https:\/\/www.facebook.com\/myzen.tv.fr\/","article_published_time":"2025-03-01T09:28:00+00:00","article_modified_time":"2025-03-12T08:29:53+00:00","og_image":[{"width":2560,"height":1707,"url":"https:\/\/www.myzen.tv\/wp-content\/uploads\/2025\/03\/pexels-kampus-8931666-scaled.jpg","type":"image\/jpeg"}],"author":"Anne-Sophie Ngaradoumadji","twitter_card":"summary_large_image","twitter_misc":{"\u00c9crit par":"Anne-Sophie Ngaradoumadji","Dur\u00e9e de lecture estim\u00e9e":"3 minutes"},"schema":{"@context":"https:\/\/schema.org","@graph":[{"@type":"Article","@id":"https:\/\/www.myzen.tv\/fr\/fruits-et-legumes-de-mars\/#article","isPartOf":{"@id":"https:\/\/www.myzen.tv\/fr\/fruits-et-legumes-de-mars\/"},"author":{"name":"Anne-Sophie Ngaradoumadji","@id":"https:\/\/www.myzen.tv\/fr\/#\/schema\/person\/60a6983e8c8b6b346aadd4e9e71dd74d"},"headline":"Les fruits et l\u00e9gumes de mars","datePublished":"2025-03-01T09:28:00+00:00","dateModified":"2025-03-12T08:29:53+00:00","mainEntityOfPage":{"@id":"https:\/\/www.myzen.tv\/fr\/fruits-et-legumes-de-mars\/"},"wordCount":403,"publisher":{"@id":"https:\/\/www.myzen.tv\/fr\/#organization"},"image":{"@id":"https:\/\/www.myzen.tv\/fr\/fruits-et-legumes-de-mars\/#primaryimage"},"thumbnailUrl":"https:\/\/www.myzen.tv\/wp-content\/uploads\/2025\/03\/pexels-kampus-8931666-scaled.jpg","keywords":["cuisine","fruits","l\u00e9gumes","recette"],"articleSection":["A la une"],"inLanguage":"fr-FR"},{"@type":"WebPage","@id":"https:\/\/www.myzen.tv\/fr\/fruits-et-legumes-de-mars\/","url":"https:\/\/www.myzen.tv\/fr\/fruits-et-legumes-de-mars\/","name":"Les fruits et l\u00e9gumes de mars - MyZen TV","isPartOf":{"@id":"https:\/\/www.myzen.tv\/fr\/#website"},"primaryImageOfPage":{"@id":"https:\/\/www.myzen.tv\/fr\/fruits-et-legumes-de-mars\/#primaryimage"},"image":{"@id":"https:\/\/www.myzen.tv\/fr\/fruits-et-legumes-de-mars\/#primaryimage"},"thumbnailUrl":"https:\/\/www.myzen.tv\/wp-content\/uploads\/2025\/03\/pexels-kampus-8931666-scaled.jpg","datePublished":"2025-03-01T09:28:00+00:00","dateModified":"2025-03-12T08:29:53+00:00","description":"Le printemps est l\u00e0 ! Voici la liste des fruits et l\u00e9gumes \u00e0 manger au mois de mars.","breadcrumb":{"@id":"https:\/\/www.myzen.tv\/fr\/fruits-et-legumes-de-mars\/#breadcrumb"},"inLanguage":"fr-FR","potentialAction":[{"@type":"ReadAction","target":["https:\/\/www.myzen.tv\/fr\/fruits-et-legumes-de-mars\/"]}]},{"@type":"ImageObject","inLanguage":"fr-FR","@id":"https:\/\/www.myzen.tv\/fr\/fruits-et-legumes-de-mars\/#primaryimage","url":"https:\/\/www.myzen.tv\/wp-content\/uploads\/2025\/03\/pexels-kampus-8931666-scaled.jpg","contentUrl":"https:\/\/www.myzen.tv\/wp-content\/uploads\/2025\/03\/pexels-kampus-8931666-scaled.jpg","width":2560,"height":1707},{"@type":"BreadcrumbList","@id":"https:\/\/www.myzen.tv\/fr\/fruits-et-legumes-de-mars\/#breadcrumb","itemListElement":[{"@type":"ListItem","position":1,"name":"Home","item":"https:\/\/www.myzen.tv\/fr\/"},{"@type":"ListItem","position":2,"name":"Cuisine","item":"https:\/\/www.myzen.tv\/fr\/theme\/cuisine\/"},{"@type":"ListItem","position":3,"name":"Les fruits et l\u00e9gumes de mars"}]},{"@type":"WebSite","@id":"https:\/\/www.myzen.tv\/fr\/#website","url":"https:\/\/www.myzen.tv\/fr\/","name":"MyZen TV","description":"Your lifestyle and well-being channel","publisher":{"@id":"https:\/\/www.myzen.tv\/fr\/#organization"},"potentialAction":[{"@type":"SearchAction","target":{"@type":"EntryPoint","urlTemplate":"https:\/\/www.myzen.tv\/fr\/?s={search_term_string}"},"query-input":{"@type":"PropertyValueSpecification","valueRequired":true,"valueName":"search_term_string"}}],"inLanguage":"fr-FR"},{"@type":"Organization","@id":"https:\/\/www.myzen.tv\/fr\/#organization","name":"MyZen TV","url":"https:\/\/www.myzen.tv\/fr\/","logo":{"@type":"ImageObject","inLanguage":"fr-FR","@id":"https:\/\/www.myzen.tv\/fr\/#\/schema\/logo\/image\/","url":"https:\/\/www.myzen.tv\/wp-content\/uploads\/2021\/05\/cropped-ICON_MZtv-LOGO_firetv640-1-1.png","contentUrl":"https:\/\/www.myzen.tv\/wp-content\/uploads\/2021\/05\/cropped-ICON_MZtv-LOGO_firetv640-1-1.png","width":512,"height":512,"caption":"MyZen TV"},"image":{"@id":"https:\/\/www.myzen.tv\/fr\/#\/schema\/logo\/image\/"},"sameAs":["https:\/\/www.facebook.com\/myzen.tv.fr\/","https:\/\/www.instagram.com\/myzentv\/"]},{"@type":"Person","@id":"https:\/\/www.myzen.tv\/fr\/#\/schema\/person\/60a6983e8c8b6b346aadd4e9e71dd74d","name":"Anne-Sophie Ngaradoumadji","url":"https:\/\/www.myzen.tv\/fr\/author\/anne-sophie-ngaradoumadji\/"}]}},"_links":{"self":[{"href":"https:\/\/www.myzen.tv\/fr\/wp-json\/wp\/v2\/posts\/1710551","targetHints":{"allow":["GET"]}}],"collection":[{"href":"https:\/\/www.myzen.tv\/fr\/wp-json\/wp\/v2\/posts"}],"about":[{"href":"https:\/\/www.myzen.tv\/fr\/wp-json\/wp\/v2\/types\/post"}],"author":[{"embeddable":true,"href":"https:\/\/www.myzen.tv\/fr\/wp-json\/wp\/v2\/users\/19"}],"replies":[{"embeddable":true,"href":"https:\/\/www.myzen.tv\/fr\/wp-json\/wp\/v2\/comments?post=1710551"}],"version-history":[{"count":1,"href":"https:\/\/www.myzen.tv\/fr\/wp-json\/wp\/v2\/posts\/1710551\/revisions"}],"predecessor-version":[{"id":1710562,"href":"https:\/\/www.myzen.tv\/fr\/wp-json\/wp\/v2\/posts\/1710551\/revisions\/1710562"}],"wp:featuredmedia":[{"embeddable":true,"href":"https:\/\/www.myzen.tv\/fr\/wp-json\/wp\/v2\/media\/1715411"}],"wp:attachment":[{"href":"https:\/\/www.myzen.tv\/fr\/wp-json\/wp\/v2\/media?parent=1710551"}],"wp:term":[{"taxonomy":"category","embeddable":true,"href":"https:\/\/www.myzen.tv\/fr\/wp-json\/wp\/v2\/categories?post=1710551"},{"taxonomy":"post_tag","embeddable":true,"href":"https:\/\/www.myzen.tv\/fr\/wp-json\/wp\/v2\/tags?post=1710551"},{"taxonomy":"group","embeddable":true,"href":"https:\/\/www.myzen.tv\/fr\/wp-json\/wp\/v2\/group?post=1710551"},{"taxonomy":"support","embeddable":true,"href":"https:\/\/www.myzen.tv\/fr\/wp-json\/wp\/v2\/support?post=1710551"}],"curies":[{"name":"wp","href":"https:\/\/api.w.org\/{rel}","templated":true}]}}